{"id":26748,"date":"2026-04-28T22:51:25","date_gmt":"2026-04-28T22:51:25","guid":{"rendered":"https:\/\/anabelmuebles.com\/?p=26748"},"modified":"2026-04-29T00:03:30","modified_gmt":"2026-04-29T00:03:30","slug":"tendencias-en-muebles-2026","status":"publish","type":"post","link":"https:\/\/anabelmuebles.com\/ca\/tendencias-en-muebles-2026\/","title":{"rendered":"Tend\u00e8ncies en mobles 2026: estils, colors i materials que dominaran la teva llar"},"content":{"rendered":"\t\t<div data-elementor-type=\"wp-post\" data-elementor-id=\"26748\" class=\"elementor elementor-26748\" data-elementor-post-type=\"post\">\n\t\t\t\t\t\t<section class=\"elementor-section elementor-top-section elementor-element elementor-element-2377c9f4 elementor-reverse-tablet elementor-reverse-mobile elementor-section-boxed elementor-section-height-default elementor-section-height-default\" data-id=\"2377c9f4\" data-element_type=\"section\">\n\t\t\t\t\t\t<div class=\"elementor-container elementor-column-gap-default\">\n\t\t\t\t\t<div class=\"elementor-column elementor-col-50 elementor-top-column elementor-element elementor-element-1aef7ea8\" data-id=\"1aef7ea8\" data-element_type=\"column\" data-settings=\"{&quot;background_background&quot;:&quot;classic&quot;}\">\n\t\t\t<div class=\"elementor-widget-wrap elementor-element-populated\">\n\t\t\t\t\t\t<div class=\"elementor-element elementor-element-79ce0ebd elementor-widget elementor-widget-heading\" data-id=\"79ce0ebd\" data-element_type=\"widget\" data-widget_type=\"heading.default\">\n\t\t\t\t<div class=\"elementor-widget-container\">\n\t\t\t\t\t<h6 class=\"elementor-heading-title elementor-size-default\"><a href=\"https:\/\/anabelmuebles.com\/ca\/noticias-destacadas\/\" rel=\"tag\">Noticias destacadas<\/a><\/h6>\t\t\t\t<\/div>\n\t\t\t\t<\/div>\n\t\t\t\t<div class=\"elementor-element elementor-element-d4e54e elementor-widget elementor-widget-heading\" data-id=\"d4e54e\" data-element_type=\"widget\" data-widget_type=\"heading.default\">\n\t\t\t\t<div class=\"elementor-widget-container\">\n\t\t\t\t\t<h1 class=\"elementor-heading-title elementor-size-default\">Tendencias en muebles 2026: estilos, colores y materiales que dominar\u00e1n tu hogar<\/h1>\t\t\t\t<\/div>\n\t\t\t\t<\/div>\n\t\t\t\t<div class=\"elementor-element elementor-element-2d5670af elementor-widget elementor-widget-post-info\" data-id=\"2d5670af\" data-element_type=\"widget\" data-widget_type=\"post-info.default\">\n\t\t\t\t<div class=\"elementor-widget-container\">\n\t\t\t\t\t\t\t<ul class=\"elementor-inline-items elementor-icon-list-items elementor-post-info\">\n\t\t\t\t\t\t\t\t<li class=\"elementor-icon-list-item elementor-repeater-item-bf359d6 elementor-inline-item\" itemprop=\"datePublished\">\n\t\t\t\t\t\t\t\t\t\t<span class=\"elementor-icon-list-icon\">\n\t\t\t\t\t\t\t\t<i aria-hidden=\"true\" class=\"material-icons md-calendar_today\"><\/i>\t\t\t\t\t\t\t<\/span>\n\t\t\t\t\t\t\t\t\t<span class=\"elementor-icon-list-text elementor-post-info__item elementor-post-info__item--type-date\">\n\t\t\t\t\t\t\t\t\t\t<time>28 d'abril, 2026<\/time>\t\t\t\t\t<\/span>\n\t\t\t\t\t\t\t\t<\/li>\n\t\t\t\t<\/ul>\n\t\t\t\t\t\t<\/div>\n\t\t\t\t<\/div>\n\t\t\t\t\t<\/div>\n\t\t<\/div>\n\t\t\t\t<div class=\"elementor-column elementor-col-50 elementor-top-column elementor-element elementor-element-66eca07a\" data-id=\"66eca07a\" data-element_type=\"column\">\n\t\t\t<div class=\"elementor-widget-wrap elementor-element-populated\">\n\t\t\t\t\t\t<div class=\"elementor-element elementor-element-60088576 elementor-widget elementor-widget-theme-post-featured-image elementor-widget-image\" data-id=\"60088576\" data-element_type=\"widget\" data-widget_type=\"theme-post-featured-image.default\">\n\t\t\t\t<div class=\"elementor-widget-container\">\n\t\t\t\t\t\t\t\t\t\t\t\t\t\t\t<img fetchpriority=\"high\" decoding=\"async\" width=\"1536\" height=\"1024\" src=\"https:\/\/anabelmuebles.com\/wp-content\/uploads\/2026\/04\/ChatGPT-Image-27-abr-2026-04_00_43-p.m.png\" class=\"attachment-full size-full wp-image-26864\" alt=\"Tendencias en muebles 2026 para el hogar con estilo c\u00e1lido, materiales naturales y decoraci\u00f3n actual\" srcset=\"https:\/\/anabelmuebles.com\/wp-content\/uploads\/2026\/04\/ChatGPT-Image-27-abr-2026-04_00_43-p.m.png 1536w, https:\/\/anabelmuebles.com\/wp-content\/uploads\/2026\/04\/ChatGPT-Image-27-abr-2026-04_00_43-p.m-300x200.png 300w, https:\/\/anabelmuebles.com\/wp-content\/uploads\/2026\/04\/ChatGPT-Image-27-abr-2026-04_00_43-p.m-1024x683.png 1024w, https:\/\/anabelmuebles.com\/wp-content\/uploads\/2026\/04\/ChatGPT-Image-27-abr-2026-04_00_43-p.m-768x512.png 768w, https:\/\/anabelmuebles.com\/wp-content\/uploads\/2026\/04\/ChatGPT-Image-27-abr-2026-04_00_43-p.m-18x12.png 18w, https:\/\/anabelmuebles.com\/wp-content\/uploads\/2026\/04\/ChatGPT-Image-27-abr-2026-04_00_43-p.m-600x400.png 600w\" sizes=\"(max-width: 1536px) 100vw, 1536px\" \/>\t\t\t\t\t\t\t\t\t\t\t\t\t\t\t<\/div>\n\t\t\t\t<\/div>\n\t\t\t\t\t<\/div>\n\t\t<\/div>\n\t\t\t\t\t<\/div>\n\t\t<\/section>\n\t\t\t\t<section class=\"elementor-section elementor-top-section elementor-element elementor-element-7a5aac1a elementor-section-boxed elementor-section-height-default elementor-section-height-default\" data-id=\"7a5aac1a\" data-element_type=\"section\">\n\t\t\t\t\t\t<div class=\"elementor-container elementor-column-gap-default\">\n\t\t\t\t\t<div class=\"elementor-column elementor-col-50 elementor-top-column elementor-element elementor-element-6461a0a5 animated-slow elementor-invisible\" data-id=\"6461a0a5\" data-element_type=\"column\" data-settings=\"{&quot;animation&quot;:&quot;fadeIn&quot;}\">\n\t\t\t<div class=\"elementor-widget-wrap elementor-element-populated\">\n\t\t\t\t\t\t<div class=\"elementor-element elementor-element-8cf6111 elementor-toc--minimized-on-tablet elementor-widget elementor-widget-table-of-contents\" data-id=\"8cf6111\" data-element_type=\"widget\" data-settings=\"{&quot;headings_by_tags&quot;:[&quot;h1&quot;,&quot;h2&quot;,&quot;h3&quot;,&quot;h4&quot;],&quot;exclude_headings_by_selector&quot;:[],&quot;no_headings_message&quot;:&quot;No headings were found on this page.&quot;,&quot;marker_view&quot;:&quot;numbers&quot;,&quot;minimize_box&quot;:&quot;yes&quot;,&quot;minimized_on&quot;:&quot;tablet&quot;,&quot;hierarchical_view&quot;:&quot;yes&quot;,&quot;min_height&quot;:{&quot;unit&quot;:&quot;px&quot;,&quot;size&quot;:&quot;&quot;,&quot;sizes&quot;:[]},&quot;min_height_tablet&quot;:{&quot;unit&quot;:&quot;px&quot;,&quot;size&quot;:&quot;&quot;,&quot;sizes&quot;:[]},&quot;min_height_mobile&quot;:{&quot;unit&quot;:&quot;px&quot;,&quot;size&quot;:&quot;&quot;,&quot;sizes&quot;:[]}}\" data-widget_type=\"table-of-contents.default\">\n\t\t\t\t<div class=\"elementor-widget-container\">\n\t\t\t\t\t\t\t\t\t<div class=\"elementor-toc__header\">\n\t\t\t\t\t\t<h4 class=\"elementor-toc__header-title\">\n\t\t\t\tTabla de contenidos\t\t\t<\/h4>\n\t\t\t\t\t\t\t\t\t\t<div class=\"elementor-toc__toggle-button elementor-toc__toggle-button--expand\" role=\"button\" tabindex=\"0\" aria-controls=\"elementor-toc__8cf6111\" aria-expanded=\"true\" aria-label=\"Abrir tabla de contenido\"><svg aria-hidden=\"true\" class=\"e-font-icon-svg e-fas-chevron-down\" viewBox=\"0 0 448 512\" xmlns=\"http:\/\/www.w3.org\/2000\/svg\"><path d=\"M207.029 381.476L12.686 187.132c-9.373-9.373-9.373-24.569 0-33.941l22.667-22.667c9.357-9.357 24.522-9.375 33.901-.04L224 284.505l154.745-154.021c9.379-9.335 24.544-9.317 33.901.04l22.667 22.667c9.373 9.373 9.373 24.569 0 33.941L240.971 381.476c-9.373 9.372-24.569 9.372-33.942 0z\"><\/path><\/svg><\/div>\n\t\t\t\t<div class=\"elementor-toc__toggle-button elementor-toc__toggle-button--collapse\" role=\"button\" tabindex=\"0\" aria-controls=\"elementor-toc__8cf6111\" aria-expanded=\"true\" aria-label=\"Cerrar tabla de contenido\"><svg aria-hidden=\"true\" class=\"e-font-icon-svg e-fas-chevron-up\" viewBox=\"0 0 448 512\" xmlns=\"http:\/\/www.w3.org\/2000\/svg\"><path d=\"M240.971 130.524l194.343 194.343c9.373 9.373 9.373 24.569 0 33.941l-22.667 22.667c-9.357 9.357-24.522 9.375-33.901.04L224 227.495 69.255 381.516c-9.379 9.335-24.544 9.317-33.901-.04l-22.667-22.667c-9.373-9.373-9.373-24.569 0-33.941L207.03 130.525c9.372-9.373 24.568-9.373 33.941-.001z\"><\/path><\/svg><\/div>\n\t\t\t\t\t<\/div>\n\t\t\t\t<div id=\"elementor-toc__8cf6111\" class=\"elementor-toc__body\">\n\t\t\t<div class=\"elementor-toc__spinner-container\">\n\t\t\t\t<svg class=\"elementor-toc__spinner eicon-animation-spin e-font-icon-svg e-eicon-loading\" aria-hidden=\"true\" viewBox=\"0 0 1000 1000\" xmlns=\"http:\/\/www.w3.org\/2000\/svg\"><path d=\"M500 975V858C696 858 858 696 858 500S696 142 500 142 142 304 142 500H25C25 237 238 25 500 25S975 237 975 500 763 975 500 975Z\"><\/path><\/svg>\t\t\t<\/div>\n\t\t<\/div>\n\t\t\t\t\t\t<\/div>\n\t\t\t\t<\/div>\n\t\t\t\t<div class=\"elementor-element elementor-element-d2fadf1 elementor-widget elementor-widget-text-editor\" data-id=\"d2fadf1\" data-element_type=\"widget\" data-widget_type=\"text-editor.default\">\n\t\t\t\t<div class=\"elementor-widget-container\">\n\t\t\t\t\t\t\t\t\t<p data-start=\"84\" data-end=\"396\">Cada a\u00f1o trae nuevas ideas para renovar la casa, pero en 2026 la tendencia no pasa por seguir modas fr\u00edas o cambiarlo todo de golpe. La clave est\u00e1 en <b>crear espacios m\u00e1s c\u00e1lidos y personales<\/b>, donde los muebles no solo decoren, sino que tambi\u00e9n aporten comodidad, equilibrio y una sensaci\u00f3n real de hogar.<\/p>\n<p data-start=\"398\" data-end=\"807\">Este a\u00f1o dejamos a un lado los interiores demasiado r\u00edgidos o impersonales. En su lugar, ganan fuerza las formas suaves, los materiales naturales, los acabados con textura y una forma de decorar m\u00e1s conectada con c\u00f3mo vivimos de verdad. Porque la casa ya no se entiende solo como un espacio bonito, sino como un lugar donde <b>descanso, funcionalidad y estilo deben convivir con naturalidad<\/b>.<\/p>\n<p data-start=\"809\" data-end=\"1078\">Si est\u00e1s pensando en actualizar tu sal\u00f3n, dormitorio o comedor, no hace falta empezar de cero. Entender las <span data-start=\"917\" data-end=\"947\">tendencias en muebles 2026<\/span> te ayudar\u00e1 a tomar mejores decisiones, elegir piezas con m\u00e1s criterio y conseguir que tu hogar se vea actual sin perder identidad.<\/p>\t\t\t\t\t\t\t\t<\/div>\n\t\t\t\t<\/div>\n\t\t\t\t<div class=\"elementor-element elementor-element-fe47362 elementor-widget elementor-widget-heading\" data-id=\"fe47362\" data-element_type=\"widget\" data-widget_type=\"heading.default\">\n\t\t\t\t<div class=\"elementor-widget-container\">\n\t\t\t\t\t<h2 class=\"elementor-heading-title elementor-size-default\">Las tendencias en muebles 2026 apuestan por hogares m\u00e1s c\u00e1lidos, naturales y personales<\/h2>\t\t\t\t<\/div>\n\t\t\t\t<\/div>\n\t\t\t\t<div class=\"elementor-element elementor-element-9a741fc elementor-widget elementor-widget-text-editor\" data-id=\"9a741fc\" data-element_type=\"widget\" data-widget_type=\"text-editor.default\">\n\t\t\t\t<div class=\"elementor-widget-container\">\n\t\t\t\t\t\t\t\t\t<p data-start=\"1172\" data-end=\"1550\">En 2026, el mobiliario deja atr\u00e1s parte de la est\u00e9tica excesivamente neutra y plana que domin\u00f3 durante a\u00f1os.\u00a0<\/p><p data-start=\"1172\" data-end=\"1550\">Por eso, en tiendas de muebles online como <a href=\"https:\/\/anabelmuebles.com\/tienda-online\/\">Anabel Muebles<\/a>, se sigue valorando la sencillez, pero ahora con una mirada m\u00e1s humana, m\u00e1s sensorial y m\u00e1s c\u00e1lida. Se buscan casas que transmitan calma, pero tambi\u00e9n car\u00e1cter; espacios bien pensados, pero no demasiado perfectos; <b>ambientes que mezclen dise\u00f1o con autenticidad<\/b>.<\/p><p data-start=\"1552\" data-end=\"1988\">Esto se nota en varios frentes. Por un lado, los materiales cobran m\u00e1s protagonismo: la madera con veta visible, los tejidos con textura, la cer\u00e1mica, las fibras naturales y los acabados mate aportan profundidad visual sin necesidad de recargar el espacio.\u00a0<\/p><p data-start=\"1552\" data-end=\"1988\">Por otro, los muebles recuperan presencia a trav\u00e9s de <b>formas m\u00e1s org\u00e1nicas, vol\u00famenes envolventes y colores que aportan serenidad o personalidad<\/b>, seg\u00fan el estilo de cada estancia.<\/p><p data-start=\"1990\" data-end=\"2339\">Tambi\u00e9n cambia la forma en que entendemos la decoraci\u00f3n. Ya no se trata solo de seguir una est\u00e9tica cerrada, sino de construir una casa que funcione contigo. Por eso, las tendencias en muebles 2026 premian la mezcla equilibrada entre estilo, confort y uso real.\u00a0<\/p>\t\t\t\t\t\t\t\t<\/div>\n\t\t\t\t<\/div>\n\t\t\t\t<div class=\"elementor-element elementor-element-223d76e elementor-widget elementor-widget-heading\" data-id=\"223d76e\" data-element_type=\"widget\" data-widget_type=\"heading.default\">\n\t\t\t\t<div class=\"elementor-widget-container\">\n\t\t\t\t\t<h3 class=\"elementor-heading-title elementor-size-default\">No necesitas cambiar toda la casa para alcanzar el estilo de este a\u00f1o<\/h3>\t\t\t\t<\/div>\n\t\t\t\t<\/div>\n\t\t\t\t<div class=\"elementor-element elementor-element-01e4579 elementor-widget elementor-widget-text-editor\" data-id=\"01e4579\" data-element_type=\"widget\" data-widget_type=\"text-editor.default\">\n\t\t\t\t<div class=\"elementor-widget-container\">\n\t\t\t\t\t\t\t\t\t<p data-start=\"2414\" data-end=\"2744\">Uno de los errores m\u00e1s comunes cuando hablamos de tendencias es pensar que se debe renovar por completo el hogar para que se vea actual. En realidad, ocurre justo lo contrario. La mayor\u00eda de las veces, basta con elegir bien unas pocas piezas clave para que una estancia cambie de atm\u00f3sfera y gane actualidad sin perder coherencia.<\/p><p data-start=\"2746\" data-end=\"3249\">Un sof\u00e1 con formas m\u00e1s envolvente, una mesa de comedor con acabados naturales o un textil bien elegido, pueden hacer mucho m\u00e1s por un espacio que una reforma impulsiva o una mezcla forzada de estilos.\u00a0<\/p><p data-start=\"2746\" data-end=\"3249\">El objetivo no es parecer reci\u00e9n salido de un cat\u00e1logo, sino conseguir que la casa se vea <b>actual, equilibrada y con personalidad propia<\/b>. Esto tambi\u00e9n hace que las tendencias en muebles sean m\u00e1s f\u00e1ciles de aplicar en la pr\u00e1ctica. Si ya tienes una base neutra o una decoraci\u00f3n que funciona, puedes incorporar elementos de 2026 paso a paso.\u00a0<\/p><p data-start=\"3251\" data-end=\"3770\">Cambiar una pieza principal del sal\u00f3n, actualizar el comedor con materiales m\u00e1s c\u00e1lidos o introducir colores tendencia en detalles y acabados puede ser suficiente para notar una evoluci\u00f3n real. En otras palabras, no necesitas cambiar toda la casa para estar al d\u00eda; necesitas elegir mejor lo que s\u00ed decides incorporar.<\/p>\t\t\t\t\t\t\t\t<\/div>\n\t\t\t\t<\/div>\n\t\t\t\t<div class=\"elementor-element elementor-element-f3fcd0c elementor-widget elementor-widget-image\" data-id=\"f3fcd0c\" data-element_type=\"widget\" data-widget_type=\"image.default\">\n\t\t\t\t<div class=\"elementor-widget-container\">\n\t\t\t\t\t\t\t\t\t\t\t\t\t\t\t<img decoding=\"async\" width=\"800\" height=\"534\" src=\"https:\/\/anabelmuebles.com\/wp-content\/uploads\/2026\/04\/Tendencias-en-muebles-2026-con-camas-mesas-comedores-bases-o-estantes-1024x683.webp\" class=\"attachment-large size-large wp-image-26759\" alt=\"Tendencias en muebles 2026 con camas, mesas, comedores, bases o estantes\" srcset=\"https:\/\/anabelmuebles.com\/wp-content\/uploads\/2026\/04\/Tendencias-en-muebles-2026-con-camas-mesas-comedores-bases-o-estantes-1024x683.webp 1024w, https:\/\/anabelmuebles.com\/wp-content\/uploads\/2026\/04\/Tendencias-en-muebles-2026-con-camas-mesas-comedores-bases-o-estantes-300x200.webp 300w, https:\/\/anabelmuebles.com\/wp-content\/uploads\/2026\/04\/Tendencias-en-muebles-2026-con-camas-mesas-comedores-bases-o-estantes-768x512.webp 768w, https:\/\/anabelmuebles.com\/wp-content\/uploads\/2026\/04\/Tendencias-en-muebles-2026-con-camas-mesas-comedores-bases-o-estantes-18x12.webp 18w, https:\/\/anabelmuebles.com\/wp-content\/uploads\/2026\/04\/Tendencias-en-muebles-2026-con-camas-mesas-comedores-bases-o-estantes-600x400.webp 600w, https:\/\/anabelmuebles.com\/wp-content\/uploads\/2026\/04\/Tendencias-en-muebles-2026-con-camas-mesas-comedores-bases-o-estantes.webp 1062w\" sizes=\"(max-width: 800px) 100vw, 800px\" \/>\t\t\t\t\t\t\t\t\t\t\t\t\t\t\t<\/div>\n\t\t\t\t<\/div>\n\t\t\t\t<div class=\"elementor-element elementor-element-b77bd58 elementor-widget elementor-widget-heading\" data-id=\"b77bd58\" data-element_type=\"widget\" data-widget_type=\"heading.default\">\n\t\t\t\t<div class=\"elementor-widget-container\">\n\t\t\t\t\t<h3 class=\"elementor-heading-title elementor-size-default\">\u00bfQu\u00e9 cambia en 2026 frente a a\u00f1os anteriores en decoraci\u00f3n y mobiliario?<\/h3>\t\t\t\t<\/div>\n\t\t\t\t<\/div>\n\t\t\t\t<div class=\"elementor-element elementor-element-3070b6c elementor-widget elementor-widget-text-editor\" data-id=\"3070b6c\" data-element_type=\"widget\" data-widget_type=\"text-editor.default\">\n\t\t\t\t<div class=\"elementor-widget-container\">\n\t\t\t\t\t\t\t\t\t<p data-start=\"3848\" data-end=\"4219\">Si en a\u00f1os anteriores dominaban los interiores muy contenidos, con neutros fr\u00edos, l\u00edneas rectas y una est\u00e9tica muy depurada, actualmente vemos una evoluci\u00f3n clara hacia <b>espacios m\u00e1s amables y con mayor riqueza visual<\/b>. La decoraci\u00f3n sigue valorando la sencillez, pero pierde rigidez. El hogar se vuelve m\u00e1s t\u00e1ctil, m\u00e1s envolvente y m\u00e1s conectado con la sensaci\u00f3n de bienestar.<\/p><p data-start=\"4221\" data-end=\"4682\">Una de las diferencias m\u00e1s visibles est\u00e1 en la forma. Los muebles rectil\u00edneos y muy severos ceden parte del protagonismo a piezas con curvas suaves, contornos redondeados y vol\u00famenes m\u00e1s fluidos. Esto no significa abandonar el dise\u00f1o moderno, sino reinterpretarlo desde una \u00f3ptica m\u00e1s c\u00e1lida.\u00a0<\/p><p data-start=\"4221\" data-end=\"4682\">Como resultado, el confort visual importa m\u00e1s, y eso se traduce en <b>sof\u00e1s m\u00e1s acogedores, sillas con siluetas org\u00e1nicas y muebles auxiliares<\/b> que aportan car\u00e1cter sin resultar agresivos.<\/p><p data-start=\"4684\" data-end=\"5145\">Tambi\u00e9n cambia el papel del color y de los materiales. Frente a una etapa donde predominaba lo uniforme, 2026 apuesta por la mezcla controlada de texturas, la nobleza de los materiales naturales y una paleta m\u00e1s rica, aunque igual de elegante.\u00a0<\/p>\t\t\t\t\t\t\t\t<\/div>\n\t\t\t\t<\/div>\n\t\t\t\t<div class=\"elementor-element elementor-element-c4a9a59 elementor-blockquote--skin-clean elementor-blockquote--button-view-text elementor-blockquote--button-skin-classic elementor-widget elementor-widget-blockquote\" data-id=\"c4a9a59\" data-element_type=\"widget\" data-widget_type=\"blockquote.default\">\n\t\t\t\t<div class=\"elementor-widget-container\">\n\t\t\t\t\t\t\t<blockquote class=\"elementor-blockquote\">\n\t\t\t<p class=\"elementor-blockquote__content\">\n\t\t\t\tEsta evoluci\u00f3n hacia hogares m\u00e1s c\u00e1lidos, con m\u00e1s textura, curvas suaves y una est\u00e9tica menos r\u00edgida tambi\u00e9n aparece en publicaciones especializadas sobre interiorismo en 2026. Idealista, por ejemplo, destaca la fuerza de los interiores m\u00e1s sensoriales y vividos.\t\t\t<\/p>\n\t\t\t\t\t\t\t<div class=\"e-q-footer\">\n\t\t\t\t\t\t\t\t\t\t\t\t\t\t\t\t<a href=\"https:\/\/twitter.com\/intent\/tweet?text=Esta+evoluci%C3%B3n+hacia+hogares+m%C3%A1s+c%C3%A1lidos%2C+con+m%C3%A1s+textura%2C+curvas+suaves+y+una+est%C3%A9tica+menos+r%C3%ADgida+tambi%C3%A9n+aparece+en+publicaciones+especializadas+sobre+interiorismo+en+2026.+Idealista%2C+por+ejemplo%2C+destaca+la+fuerza+de+los+interiores+m%C3%A1s+sensoriales+y+vividos.&amp;url=https%3A%2F%2Fwww.idealista.com%2Fnews%2Finmobiliario%2Fvivienda%2F2026%2F01%2F14%2F879132-estas-son-las-tendencias-en-decoracion-de-interiores-para-2026\" class=\"elementor-blockquote__tweet-button\" target=\"_blank\" rel=\"noopener\">\n\t\t\t\t\t\t\t\t\t\t\t\t\t\t\t\t\t\t\t\t\t\t<span class=\"elementor-blockquote__tweet-label\">Tendencias de interiorismo en 2026<\/span>\n\t\t\t\t\t\t\t\t\t\t\t\t\t<\/a>\n\t\t\t\t\t\t\t\t\t<\/div>\n\t\t\t\t\t<\/blockquote>\n\t\t\t\t\t\t<\/div>\n\t\t\t\t<\/div>\n\t\t\t\t<div class=\"elementor-element elementor-element-36cbcdd elementor-widget elementor-widget-heading\" data-id=\"36cbcdd\" data-element_type=\"widget\" data-widget_type=\"heading.default\">\n\t\t\t\t<div class=\"elementor-widget-container\">\n\t\t\t\t\t<h2 class=\"elementor-heading-title elementor-size-default\">Estilos de muebles que marcan tendencia hoy \u00bfCon cu\u00e1l te identificas?<\/h2>\t\t\t\t<\/div>\n\t\t\t\t<\/div>\n\t\t\t\t<div class=\"elementor-element elementor-element-5d96d6d elementor-widget elementor-widget-text-editor\" data-id=\"5d96d6d\" data-element_type=\"widget\" data-widget_type=\"text-editor.default\">\n\t\t\t\t<div class=\"elementor-widget-container\">\n\t\t\t\t\t\t\t\t\t<p data-start=\"54\" data-end=\"407\">Hablar de tendencias en muebles 2026 no es solo hablar de colores o materiales. El estilo general de las piezas tambi\u00e9n cambia, y lo hace en una direcci\u00f3n bastante clara: <b>los hogares buscan verse m\u00e1s equilibrados, m\u00e1s c\u00f3modos y menos r\u00edgidos<\/b>. Esto se traduce en muebles que ya no se eligen solo por su est\u00e9tica, sino por la atm\u00f3sfera que ayudan a crear.<\/p><p data-start=\"409\" data-end=\"829\">En 2026 ganan fuerza los <b>estilos que combinan dise\u00f1o y bienestar visual<\/b>. Se imponen los espacios que transmiten calma, pero sin resultar fr\u00edos; los muebles que tienen presencia, pero no saturan; y las composiciones que mezclan sencillez, textura y personalidad.\u00a0<\/p><p data-start=\"831\" data-end=\"1153\">Dentro de esas corrientes, hay tres estilos que destacan especialmente por su capacidad para encajar en diferentes tipos de vivienda y por su potencial para mantenerse actuales m\u00e1s all\u00e1 de una sola temporada: el minimalismo c\u00e1lido, las formas org\u00e1nicas y fluidas, y la biofilia ligada a materiales sostenibles y naturales.<\/p>\t\t\t\t\t\t\t\t<\/div>\n\t\t\t\t<\/div>\n\t\t\t\t<div class=\"elementor-element elementor-element-aabd83f elementor-widget elementor-widget-image\" data-id=\"aabd83f\" data-element_type=\"widget\" data-widget_type=\"image.default\">\n\t\t\t\t<div class=\"elementor-widget-container\">\n\t\t\t\t\t\t\t\t\t\t\t\t\t\t\t<img decoding=\"async\" width=\"800\" height=\"534\" src=\"https:\/\/anabelmuebles.com\/wp-content\/uploads\/2026\/04\/Tendencias-en-muebles-2026-minimalismo-sostenibilidad-y-naturaleza_11zon-1024x683.webp\" class=\"attachment-large size-large wp-image-26791\" alt=\"Tendencias en muebles: el minimalismo c\u00e1lido, las formas org\u00e1nicas y fluidas, y la biofilia ligada a materiales sostenibles\" srcset=\"https:\/\/anabelmuebles.com\/wp-content\/uploads\/2026\/04\/Tendencias-en-muebles-2026-minimalismo-sostenibilidad-y-naturaleza_11zon-1024x683.webp 1024w, https:\/\/anabelmuebles.com\/wp-content\/uploads\/2026\/04\/Tendencias-en-muebles-2026-minimalismo-sostenibilidad-y-naturaleza_11zon-300x200.webp 300w, https:\/\/anabelmuebles.com\/wp-content\/uploads\/2026\/04\/Tendencias-en-muebles-2026-minimalismo-sostenibilidad-y-naturaleza_11zon-768x512.webp 768w, https:\/\/anabelmuebles.com\/wp-content\/uploads\/2026\/04\/Tendencias-en-muebles-2026-minimalismo-sostenibilidad-y-naturaleza_11zon-18x12.webp 18w, https:\/\/anabelmuebles.com\/wp-content\/uploads\/2026\/04\/Tendencias-en-muebles-2026-minimalismo-sostenibilidad-y-naturaleza_11zon-600x400.webp 600w, https:\/\/anabelmuebles.com\/wp-content\/uploads\/2026\/04\/Tendencias-en-muebles-2026-minimalismo-sostenibilidad-y-naturaleza_11zon.webp 1062w\" sizes=\"(max-width: 800px) 100vw, 800px\" \/>\t\t\t\t\t\t\t\t\t\t\t\t\t\t\t<\/div>\n\t\t\t\t<\/div>\n\t\t\t\t<div class=\"elementor-element elementor-element-e208baa elementor-widget elementor-widget-heading\" data-id=\"e208baa\" data-element_type=\"widget\" data-widget_type=\"heading.default\">\n\t\t\t\t<div class=\"elementor-widget-container\">\n\t\t\t\t\t<h3 class=\"elementor-heading-title elementor-size-default\">Minimalismo c\u00e1lido: l\u00edneas limpias con texturas acogedoras<\/h3>\t\t\t\t<\/div>\n\t\t\t\t<\/div>\n\t\t\t\t<div class=\"elementor-element elementor-element-ae54eb0 elementor-widget elementor-widget-text-editor\" data-id=\"ae54eb0\" data-element_type=\"widget\" data-widget_type=\"text-editor.default\">\n\t\t\t\t<div class=\"elementor-widget-container\">\n\t\t\t\t\t\t\t\t\t<p data-start=\"1219\" data-end=\"1471\">El minimalismo c\u00e1lido deja atr\u00e1s la sensaci\u00f3n de frialdad visual para apostar por espacios m\u00e1s acogedores y vivibles. Aqu\u00ed siguen funcionando las l\u00edneas sencillas, los vol\u00famenes limpios y la ausencia de exceso decorativo, pero el ambiente cambia gracias a la incorporaci\u00f3n de materiales naturales, tonos neutros m\u00e1s c\u00e1lidos y textiles con mayor presencia.\u00a0<\/p><p data-start=\"1835\" data-end=\"2303\">Este estilo encaja muy bien con <b>muebles de madera clara o media, tapizados suaves, mesas con acabados mate y piezas funcionales<\/b> que no compiten entre s\u00ed. En dormitorios, funciona bien con cabeceros tapizados, muebles de l\u00edneas simples y ropa de cama en tonos naturales.<\/p><p data-start=\"2305\" data-end=\"2599\">La gran ventaja del minimalismo c\u00e1lido es que resulta f\u00e1cil de aplicar sin necesidad de rehacer por completo una estancia. Basta con sustituir algunas piezas demasiado fr\u00edas o impersonales por otras con materiales m\u00e1s agradables y acabados m\u00e1s cercanos para notar una transformaci\u00f3n importante.<\/p>\t\t\t\t\t\t\t\t<\/div>\n\t\t\t\t<\/div>\n\t\t\t\t<div class=\"elementor-element elementor-element-e3f24aa elementor-widget elementor-widget-heading\" data-id=\"e3f24aa\" data-element_type=\"widget\" data-widget_type=\"heading.default\">\n\t\t\t\t<div class=\"elementor-widget-container\">\n\t\t\t\t\t<h3 class=\"elementor-heading-title elementor-size-default\">Formas org\u00e1nicas y fluidas: muebles curvos y espacios m\u00e1s amables<\/h3>\t\t\t\t<\/div>\n\t\t\t\t<\/div>\n\t\t\t\t<div class=\"elementor-element elementor-element-fd828ad elementor-widget elementor-widget-text-editor\" data-id=\"fd828ad\" data-element_type=\"widget\" data-widget_type=\"text-editor.default\">\n\t\t\t\t<div class=\"elementor-widget-container\">\n\t\t\t\t\t\t\t\t\t<p data-start=\"2672\" data-end=\"2930\">Otro de los rasgos m\u00e1s visibles en las tendencias en muebles 2026 es el regreso de las formas suaves. Los contornos rectos y excesivamente duros dejan espacio a <b>muebles curvos, estructuras m\u00e1s redondeadas y composiciones que suavizan visualmente el ambiente<\/b>.<\/p><p data-start=\"2932\" data-end=\"3283\">Las formas org\u00e1nicas no solo aportan un toque actual, sino que cambian la percepci\u00f3n del espacio. Un sof\u00e1 con brazos envolventes, una butaca de silueta redondeada, una mesa con bordes suaves o incluso un espejo con dise\u00f1o irregular pueden hacer que una estancia se sienta m\u00e1s relajada, m\u00e1s natural y menos r\u00edgida. El efecto es sutil, pero muy potente.<\/p><p data-start=\"3285\" data-end=\"3652\">Este tipo de mobiliario funciona especialmente bien en salones y dormitorios, donde la idea de refugio y confort visual tiene mucho peso. Adem\u00e1s, las formas fluidas se integran muy bien con los materiales en tendencia, como maderas naturales, textiles con textura o acabados mate. El resultado son ambientes m\u00e1s amables, donde el dise\u00f1o se siente m\u00e1s humano y menos r\u00edgido.<\/p>\t\t\t\t\t\t\t\t<\/div>\n\t\t\t\t<\/div>\n\t\t\t\t<div class=\"elementor-element elementor-element-a46843a elementor-widget elementor-widget-heading\" data-id=\"a46843a\" data-element_type=\"widget\" data-widget_type=\"heading.default\">\n\t\t\t\t<div class=\"elementor-widget-container\">\n\t\t\t\t\t<h3 class=\"elementor-heading-title elementor-size-default\">Biofilia y sostenibilidad: una casa m\u00e1s conectada con la naturaleza<\/h3>\t\t\t\t<\/div>\n\t\t\t\t<\/div>\n\t\t\t\t<div class=\"elementor-element elementor-element-6fcdfe9 elementor-widget elementor-widget-text-editor\" data-id=\"6fcdfe9\" data-element_type=\"widget\" data-widget_type=\"text-editor.default\">\n\t\t\t\t<div class=\"elementor-widget-container\">\n\t\t\t\t\t\t\t\t\t<p data-start=\"3964\" data-end=\"4273\">La conexi\u00f3n con la naturaleza sigue ganando terreno en 2026, pero ya no solo como recurso est\u00e9tico, sino como una forma de entender el hogar. La biofilia aplicada al mobiliario implica rodearse de materiales, colores y texturas que hagan la casa m\u00e1s serena, m\u00e1s fresca y m\u00e1s vinculada a sensaciones naturales.<\/p>\n<p data-start=\"4275\" data-end=\"4685\">Asimismo, encaja con una forma de comprar m\u00e1s consciente, donde se valoran los <b>muebles que transmiten durabilidad, autenticidad y calidad real<\/b>, por encima de lo puramente decorativo.<\/p>\n<p data-start=\"4687\" data-end=\"4998\">En este contexto, la sostenibilidad tambi\u00e9n influye en la percepci\u00f3n de valor. Los usuarios buscan piezas que no solo est\u00e9n de moda, sino que tengan sentido a medio y largo plazo. Muebles bien construidos, materiales nobles, acabados honestos y una est\u00e9tica menos desechable encajan muy bien con esta tendencia.<\/p>\t\t\t\t\t\t\t\t<\/div>\n\t\t\t\t<\/div>\n\t\t\t\t<div class=\"elementor-element elementor-element-7ca6cff elementor-widget elementor-widget-heading\" data-id=\"7ca6cff\" data-element_type=\"widget\" data-widget_type=\"heading.default\">\n\t\t\t\t<div class=\"elementor-widget-container\">\n\t\t\t\t\t<h2 class=\"elementor-heading-title elementor-size-default\">3 colores en tendencia para 2026 y c\u00f3mo aplicarlos en casa<\/h2>\t\t\t\t<\/div>\n\t\t\t\t<\/div>\n\t\t\t\t<div class=\"elementor-element elementor-element-1f7ac55 elementor-widget elementor-widget-text-editor\" data-id=\"1f7ac55\" data-element_type=\"widget\" data-widget_type=\"text-editor.default\">\n\t\t\t\t<div class=\"elementor-widget-container\">\n\t\t\t\t\t\t\t\t\t<p data-start=\"63\" data-end=\"393\">Los colores van a tener un papel clave en las tendencias en muebles 2026, pero no desde una l\u00f3gica estridente o excesivamente decorativa. Lo que se impone este a\u00f1o es una <b>paleta m\u00e1s serena, c\u00e1lida y f\u00e1cil de habitar<\/b>, pensada para crear ambientes que transmitan calma, profundidad visual y una sensaci\u00f3n de hogar mucho m\u00e1s natural.<\/p>\n<p data-start=\"395\" data-end=\"825\">Esto no significa que todo deba verse neutro o apagado. Al contrario: la idea es elegir mejor el color y entender c\u00f3mo influye en cada estancia. Un tono bien aplicado puede hacer que una habitaci\u00f3n se vea m\u00e1s luminosa, m\u00e1s acogedora o m\u00e1s elegante sin necesidad de cambiar por completo el mobiliario. Por eso, m\u00e1s all\u00e1 de saber qu\u00e9 colores estar\u00e1n de moda, lo importante es entender c\u00f3mo llevarlos a casa con equilibrio.<\/p>\n<p data-start=\"827\" data-end=\"1094\">Dentro de los tonos que mejor representan esta evoluci\u00f3n en 2026, hay tres que destacan por su facilidad de integrarse en distintos estilos decorativos: la arena blanca, la tierra colonial y el verde suave o mineral.<\/p>\t\t\t\t\t\t\t\t<\/div>\n\t\t\t\t<\/div>\n\t\t\t\t<div class=\"elementor-element elementor-element-b97e4af elementor-widget elementor-widget-heading\" data-id=\"b97e4af\" data-element_type=\"widget\" data-widget_type=\"heading.default\">\n\t\t\t\t<div class=\"elementor-widget-container\">\n\t\t\t\t\t<h3 class=\"elementor-heading-title elementor-size-default\">1. Arena blanca: El nuevo neutro c\u00e1lido para iluminar sin enfriar<\/h3>\t\t\t\t<\/div>\n\t\t\t\t<\/div>\n\t\t\t\t<div class=\"elementor-element elementor-element-71823c1 elementor-widget elementor-widget-text-editor\" data-id=\"71823c1\" data-element_type=\"widget\" data-widget_type=\"text-editor.default\">\n\t\t\t\t<div class=\"elementor-widget-container\">\n\t\t\t\t\t\t\t\t\t<p data-start=\"1164\" data-end=\"1511\">La arena blanca se perfila como uno de los tonos m\u00e1s interesantes de 2026 porque responde a una necesidad muy actual: mantener la luminosidad del hogar sin caer en la frialdad de los blancos demasiado puros. Es un color suave, elegante y muy vers\u00e1til, capaz de <b>ampliar visualmente el espacio<\/b> y aportar calma sin que el ambiente resulte impersonal.<\/p><p data-start=\"1513\" data-end=\"1927\">A diferencia de otros neutros m\u00e1s fr\u00edos, este tono tiene una base c\u00e1lida que lo hace mucho m\u00e1s acogedor. Funciona especialmente bien en salones, dormitorios y comedores donde se busca una sensaci\u00f3n de orden y serenidad, pero con m\u00e1s textura y profundidad visual.\u00a0<\/p><p data-start=\"1929\" data-end=\"1956\"><strong data-start=\"1929\" data-end=\"1956\">C\u00f3mo aplicarlo en casa:<\/strong><\/p>\t\t\t\t\t\t\t\t<\/div>\n\t\t\t\t<\/div>\n\t\t\t\t<div class=\"elementor-element elementor-element-ebd1075 elementor-icon-list--layout-traditional elementor-list-item-link-full_width elementor-widget elementor-widget-icon-list\" data-id=\"ebd1075\" data-element_type=\"widget\" data-widget_type=\"icon-list.default\">\n\t\t\t\t<div class=\"elementor-widget-container\">\n\t\t\t\t\t\t\t<ul class=\"elementor-icon-list-items\">\n\t\t\t\t\t\t\t<li class=\"elementor-icon-list-item\">\n\t\t\t\t\t\t\t\t\t\t\t<span class=\"elementor-icon-list-icon\">\n\t\t\t\t\t\t\t<svg aria-hidden=\"true\" class=\"e-font-icon-svg e-fas-check\" viewBox=\"0 0 512 512\" xmlns=\"http:\/\/www.w3.org\/2000\/svg\"><path d=\"M173.898 439.404l-166.4-166.4c-9.997-9.997-9.997-26.206 0-36.204l36.203-36.204c9.997-9.998 26.207-9.998 36.204 0L192 312.69 432.095 72.596c9.997-9.997 26.207-9.997 36.204 0l36.203 36.204c9.997 9.997 9.997 26.206 0 36.204l-294.4 294.401c-9.998 9.997-26.207 9.997-36.204-.001z\"><\/path><\/svg>\t\t\t\t\t\t<\/span>\n\t\t\t\t\t\t\t\t\t\t<span class=\"elementor-icon-list-text\">\u00dasalo como color base en paredes o textiles grandes si quieres ganar luz sin endurecer el ambiente.<\/span>\n\t\t\t\t\t\t\t\t\t<\/li>\n\t\t\t\t\t\t\t\t<li class=\"elementor-icon-list-item\">\n\t\t\t\t\t\t\t\t\t\t\t<span class=\"elementor-icon-list-icon\">\n\t\t\t\t\t\t\t<svg aria-hidden=\"true\" class=\"e-font-icon-svg e-fas-check\" viewBox=\"0 0 512 512\" xmlns=\"http:\/\/www.w3.org\/2000\/svg\"><path d=\"M173.898 439.404l-166.4-166.4c-9.997-9.997-9.997-26.206 0-36.204l36.203-36.204c9.997-9.998 26.207-9.998 36.204 0L192 312.69 432.095 72.596c9.997-9.997 26.207-9.997 36.204 0l36.203 36.204c9.997 9.997 9.997 26.206 0 36.204l-294.4 294.401c-9.998 9.997-26.207 9.997-36.204-.001z\"><\/path><\/svg>\t\t\t\t\t\t<\/span>\n\t\t\t\t\t\t\t\t\t\t<span class=\"elementor-icon-list-text\">Comb\u00ednalo con muebles de madera clara o media para reforzar la sensaci\u00f3n de calidez.<\/span>\n\t\t\t\t\t\t\t\t\t<\/li>\n\t\t\t\t\t\t\t\t<li class=\"elementor-icon-list-item\">\n\t\t\t\t\t\t\t\t\t\t\t<span class=\"elementor-icon-list-icon\">\n\t\t\t\t\t\t\t<svg aria-hidden=\"true\" class=\"e-font-icon-svg e-fas-check\" viewBox=\"0 0 512 512\" xmlns=\"http:\/\/www.w3.org\/2000\/svg\"><path d=\"M173.898 439.404l-166.4-166.4c-9.997-9.997-9.997-26.206 0-36.204l36.203-36.204c9.997-9.998 26.207-9.998 36.204 0L192 312.69 432.095 72.596c9.997-9.997 26.207-9.997 36.204 0l36.203 36.204c9.997 9.997 9.997 26.206 0 36.204l-294.4 294.401c-9.998 9.997-26.207 9.997-36.204-.001z\"><\/path><\/svg>\t\t\t\t\t\t<\/span>\n\t\t\t\t\t\t\t\t\t\t<span class=\"elementor-icon-list-text\">Funciona muy bien en sof\u00e1s, sillones tapizados, cabeceros o alfombras de tonos suaves.<\/span>\n\t\t\t\t\t\t\t\t\t<\/li>\n\t\t\t\t\t\t\t\t<li class=\"elementor-icon-list-item\">\n\t\t\t\t\t\t\t\t\t\t\t<span class=\"elementor-icon-list-icon\">\n\t\t\t\t\t\t\t<svg aria-hidden=\"true\" class=\"e-font-icon-svg e-fas-check\" viewBox=\"0 0 512 512\" xmlns=\"http:\/\/www.w3.org\/2000\/svg\"><path d=\"M173.898 439.404l-166.4-166.4c-9.997-9.997-9.997-26.206 0-36.204l36.203-36.204c9.997-9.998 26.207-9.998 36.204 0L192 312.69 432.095 72.596c9.997-9.997 26.207-9.997 36.204 0l36.203 36.204c9.997 9.997 9.997 26.206 0 36.204l-294.4 294.401c-9.998 9.997-26.207 9.997-36.204-.001z\"><\/path><\/svg>\t\t\t\t\t\t<\/span>\n\t\t\t\t\t\t\t\t\t\t<span class=\"elementor-icon-list-text\">Es una excelente opci\u00f3n para unir estancias abiertas y crear una transici\u00f3n visual m\u00e1s armoniosa.<\/span>\n\t\t\t\t\t\t\t\t\t<\/li>\n\t\t\t\t\t\t<\/ul>\n\t\t\t\t\t\t<\/div>\n\t\t\t\t<\/div>\n\t\t\t\t<div class=\"elementor-element elementor-element-a12ceff elementor-widget elementor-widget-image\" data-id=\"a12ceff\" data-element_type=\"widget\" data-widget_type=\"image.default\">\n\t\t\t\t<div class=\"elementor-widget-container\">\n\t\t\t\t\t\t\t\t\t\t\t\t\t\t\t\t<a href=\"https:\/\/anabelmuebles.com\/tienda-online\/salones\/conjuntos-de-salon\/salon-completo-chellen-03\/\">\n\t\t\t\t\t\t\t<img loading=\"lazy\" decoding=\"async\" width=\"800\" height=\"522\" src=\"https:\/\/anabelmuebles.com\/wp-content\/uploads\/2026\/04\/Salon-completo-9-piezas.webp\" class=\"attachment-large size-large wp-image-26820\" alt=\"\" srcset=\"https:\/\/anabelmuebles.com\/wp-content\/uploads\/2026\/04\/Salon-completo-9-piezas.webp 800w, https:\/\/anabelmuebles.com\/wp-content\/uploads\/2026\/04\/Salon-completo-9-piezas-300x196.webp 300w, https:\/\/anabelmuebles.com\/wp-content\/uploads\/2026\/04\/Salon-completo-9-piezas-768x501.webp 768w, https:\/\/anabelmuebles.com\/wp-content\/uploads\/2026\/04\/Salon-completo-9-piezas-18x12.webp 18w, https:\/\/anabelmuebles.com\/wp-content\/uploads\/2026\/04\/Salon-completo-9-piezas-600x392.webp 600w\" sizes=\"(max-width: 800px) 100vw, 800px\" \/>\t\t\t\t\t\t\t\t<\/a>\n\t\t\t\t\t\t\t\t\t\t\t\t\t\t\t<\/div>\n\t\t\t\t<\/div>\n\t\t\t\t<div class=\"elementor-element elementor-element-29e7a34 elementor-widget elementor-widget-heading\" data-id=\"29e7a34\" data-element_type=\"widget\" data-widget_type=\"heading.default\">\n\t\t\t\t<div class=\"elementor-widget-container\">\n\t\t\t\t\t<h3 class=\"elementor-heading-title elementor-size-default\">2. Tierra colonial: profundidad, elegancia y calidez en muebles y textiles<\/h3>\t\t\t\t<\/div>\n\t\t\t\t<\/div>\n\t\t\t\t<div class=\"elementor-element elementor-element-0f6f63f elementor-widget elementor-widget-text-editor\" data-id=\"0f6f63f\" data-element_type=\"widget\" data-widget_type=\"text-editor.default\">\n\t\t\t\t<div class=\"elementor-widget-container\">\n\t\t\t\t\t\t\t\t\t<p data-start=\"2547\" data-end=\"2975\">Frente a los neutros m\u00e1s luminosos, la tierra colonial aporta profundidad, car\u00e1cter y una sensaci\u00f3n de sofisticaci\u00f3n mucho m\u00e1s envolvente. Es un tono c\u00e1lido, terroso y con cierta riqueza visual que recuerda a la arcilla, al barro cocido o a ciertos marrones rojizos muy suaves.<\/p><p data-start=\"2977\" data-end=\"3296\">En un comedor o sal\u00f3n, por ejemplo, puede ayudar a crear una atm\u00f3sfera mucho m\u00e1s sofisticada y actual. En este tipo de ambientes, piezas como una mesa de comedor en madera c\u00e1lida o un conjunto con sillas tapizadas en tonos tierra pueden encajar especialmente bien con las tendencias tendencias en muebles de nuestros d\u00edas.<\/p><p data-start=\"3583\" data-end=\"3610\"><strong data-start=\"3583\" data-end=\"3610\">C\u00f3mo aplicarlo en casa:<\/strong><\/p>\t\t\t\t\t\t\t\t<\/div>\n\t\t\t\t<\/div>\n\t\t\t\t<div class=\"elementor-element elementor-element-9476c74 elementor-icon-list--layout-traditional elementor-list-item-link-full_width elementor-widget elementor-widget-icon-list\" data-id=\"9476c74\" data-element_type=\"widget\" data-widget_type=\"icon-list.default\">\n\t\t\t\t<div class=\"elementor-widget-container\">\n\t\t\t\t\t\t\t<ul class=\"elementor-icon-list-items\">\n\t\t\t\t\t\t\t<li class=\"elementor-icon-list-item\">\n\t\t\t\t\t\t\t\t\t\t\t<span class=\"elementor-icon-list-icon\">\n\t\t\t\t\t\t\t<svg aria-hidden=\"true\" class=\"e-font-icon-svg e-fas-check\" viewBox=\"0 0 512 512\" xmlns=\"http:\/\/www.w3.org\/2000\/svg\"><path d=\"M173.898 439.404l-166.4-166.4c-9.997-9.997-9.997-26.206 0-36.204l36.203-36.204c9.997-9.998 26.207-9.998 36.204 0L192 312.69 432.095 72.596c9.997-9.997 26.207-9.997 36.204 0l36.203 36.204c9.997 9.997 9.997 26.206 0 36.204l-294.4 294.401c-9.998 9.997-26.207 9.997-36.204-.001z\"><\/path><\/svg>\t\t\t\t\t\t<\/span>\n\t\t\t\t\t\t\t\t\t\t<span class=\"elementor-icon-list-text\">Introd\u00facelo en muebles protagonistas como sillas, butacas, aparadores o cabeceros si quieres dar profundidad.<\/span>\n\t\t\t\t\t\t\t\t\t<\/li>\n\t\t\t\t\t\t\t\t<li class=\"elementor-icon-list-item\">\n\t\t\t\t\t\t\t\t\t\t\t<span class=\"elementor-icon-list-icon\">\n\t\t\t\t\t\t\t<svg aria-hidden=\"true\" class=\"e-font-icon-svg e-fas-check\" viewBox=\"0 0 512 512\" xmlns=\"http:\/\/www.w3.org\/2000\/svg\"><path d=\"M173.898 439.404l-166.4-166.4c-9.997-9.997-9.997-26.206 0-36.204l36.203-36.204c9.997-9.998 26.207-9.998 36.204 0L192 312.69 432.095 72.596c9.997-9.997 26.207-9.997 36.204 0l36.203 36.204c9.997 9.997 9.997 26.206 0 36.204l-294.4 294.401c-9.998 9.997-26.207 9.997-36.204-.001z\"><\/path><\/svg>\t\t\t\t\t\t<\/span>\n\t\t\t\t\t\t\t\t\t\t<span class=\"elementor-icon-list-text\">Funciona muy bien en textiles como cojines, mantas, alfombras o cortinas para a\u00f1adir calidez sin recargar.<\/span>\n\t\t\t\t\t\t\t\t\t<\/li>\n\t\t\t\t\t\t\t\t<li class=\"elementor-icon-list-item\">\n\t\t\t\t\t\t\t\t\t\t\t<span class=\"elementor-icon-list-icon\">\n\t\t\t\t\t\t\t<svg aria-hidden=\"true\" class=\"e-font-icon-svg e-fas-check\" viewBox=\"0 0 512 512\" xmlns=\"http:\/\/www.w3.org\/2000\/svg\"><path d=\"M173.898 439.404l-166.4-166.4c-9.997-9.997-9.997-26.206 0-36.204l36.203-36.204c9.997-9.998 26.207-9.998 36.204 0L192 312.69 432.095 72.596c9.997-9.997 26.207-9.997 36.204 0l36.203 36.204c9.997 9.997 9.997 26.206 0 36.204l-294.4 294.401c-9.998 9.997-26.207 9.997-36.204-.001z\"><\/path><\/svg>\t\t\t\t\t\t<\/span>\n\t\t\t\t\t\t\t\t\t\t<span class=\"elementor-icon-list-text\">Comb\u00ednalo con tonos arena, blancos c\u00e1lidos o beiges para equilibrar su intensidad.<\/span>\n\t\t\t\t\t\t\t\t\t<\/li>\n\t\t\t\t\t\t\t\t<li class=\"elementor-icon-list-item\">\n\t\t\t\t\t\t\t\t\t\t\t<span class=\"elementor-icon-list-icon\">\n\t\t\t\t\t\t\t<svg aria-hidden=\"true\" class=\"e-font-icon-svg e-fas-check\" viewBox=\"0 0 512 512\" xmlns=\"http:\/\/www.w3.org\/2000\/svg\"><path d=\"M173.898 439.404l-166.4-166.4c-9.997-9.997-9.997-26.206 0-36.204l36.203-36.204c9.997-9.998 26.207-9.998 36.204 0L192 312.69 432.095 72.596c9.997-9.997 26.207-9.997 36.204 0l36.203 36.204c9.997 9.997 9.997 26.206 0 36.204l-294.4 294.401c-9.998 9.997-26.207 9.997-36.204-.001z\"><\/path><\/svg>\t\t\t\t\t\t<\/span>\n\t\t\t\t\t\t\t\t\t\t<span class=\"elementor-icon-list-text\">Es ideal para estancias que necesitan ganar personalidad sin perder elegancia.<\/span>\n\t\t\t\t\t\t\t\t\t<\/li>\n\t\t\t\t\t\t<\/ul>\n\t\t\t\t\t\t<\/div>\n\t\t\t\t<\/div>\n\t\t\t\t<div class=\"elementor-element elementor-element-444cd2b elementor-widget elementor-widget-image\" data-id=\"444cd2b\" data-element_type=\"widget\" data-widget_type=\"image.default\">\n\t\t\t\t<div class=\"elementor-widget-container\">\n\t\t\t\t\t\t\t\t\t\t\t\t\t\t\t\t<a href=\"https:\/\/anabelmuebles.com\/tienda-online\/sofas\/sofa-conde\/\">\n\t\t\t\t\t\t\t<img loading=\"lazy\" decoding=\"async\" width=\"800\" height=\"534\" src=\"https:\/\/anabelmuebles.com\/wp-content\/uploads\/2026\/04\/Sofa-chaise-longue-Conde-con-asientos-desenfundables-y-muelles-ensacados-1024x683.webp\" class=\"attachment-large size-large wp-image-26824\" alt=\"\" srcset=\"https:\/\/anabelmuebles.com\/wp-content\/uploads\/2026\/04\/Sofa-chaise-longue-Conde-con-asientos-desenfundables-y-muelles-ensacados-1024x683.webp 1024w, https:\/\/anabelmuebles.com\/wp-content\/uploads\/2026\/04\/Sofa-chaise-longue-Conde-con-asientos-desenfundables-y-muelles-ensacados-300x200.webp 300w, https:\/\/anabelmuebles.com\/wp-content\/uploads\/2026\/04\/Sofa-chaise-longue-Conde-con-asientos-desenfundables-y-muelles-ensacados-768x512.webp 768w, https:\/\/anabelmuebles.com\/wp-content\/uploads\/2026\/04\/Sofa-chaise-longue-Conde-con-asientos-desenfundables-y-muelles-ensacados-18x12.webp 18w, https:\/\/anabelmuebles.com\/wp-content\/uploads\/2026\/04\/Sofa-chaise-longue-Conde-con-asientos-desenfundables-y-muelles-ensacados-600x400.webp 600w, https:\/\/anabelmuebles.com\/wp-content\/uploads\/2026\/04\/Sofa-chaise-longue-Conde-con-asientos-desenfundables-y-muelles-ensacados.webp 1167w\" sizes=\"(max-width: 800px) 100vw, 800px\" \/>\t\t\t\t\t\t\t\t<\/a>\n\t\t\t\t\t\t\t\t\t\t\t\t\t\t\t<\/div>\n\t\t\t\t<\/div>\n\t\t\t\t<div class=\"elementor-element elementor-element-b2bff04 elementor-widget elementor-widget-heading\" data-id=\"b2bff04\" data-element_type=\"widget\" data-widget_type=\"heading.default\">\n\t\t\t\t<div class=\"elementor-widget-container\">\n\t\t\t\t\t<h3 class=\"elementor-heading-title elementor-size-default\">3. Verde suave o mineral: frescura serena para hogares equilibrados<\/h3>\t\t\t\t<\/div>\n\t\t\t\t<\/div>\n\t\t\t\t<div class=\"elementor-element elementor-element-b0d3e96 elementor-widget elementor-widget-text-editor\" data-id=\"b0d3e96\" data-element_type=\"widget\" data-widget_type=\"text-editor.default\">\n\t\t\t\t<div class=\"elementor-widget-container\">\n\t\t\t\t\t\t\t\t\t<p data-start=\"4173\" data-end=\"4525\">Finalmente, el verde suave o mineral es otro de los tonos que mejor representa el esp\u00edritu de 2026. No se trata de un verde intenso o decorativo, sino de una versi\u00f3n m\u00e1s calmada, apagada y sofisticada, muy conectada con la naturaleza y con la idea de bienestar visual.\u00a0<\/p><p data-start=\"4527\" data-end=\"4951\">Su gran virtud es el equilibrio. Puede funcionar tanto en interiores de estilo natural como en ambientes contempor\u00e1neos, y encaja especialmente bien con <b>maderas claras, textiles suaves, cer\u00e1mica, fibras naturales y acabados mate<\/b>. Es un color que ayuda a crear una atm\u00f3sfera m\u00e1s pausada, muy recomendable en dormitorios, zonas de lectura, salones relajados o espacios donde se quiera transmitir sensaci\u00f3n de orden y descanso.<\/p><p data-start=\"5171\" data-end=\"5198\"><strong data-start=\"5171\" data-end=\"5198\">C\u00f3mo aplicarlo en casa:<\/strong><\/p>\t\t\t\t\t\t\t\t<\/div>\n\t\t\t\t<\/div>\n\t\t\t\t<div class=\"elementor-element elementor-element-34cc76a elementor-icon-list--layout-traditional elementor-list-item-link-full_width elementor-widget elementor-widget-icon-list\" data-id=\"34cc76a\" data-element_type=\"widget\" data-widget_type=\"icon-list.default\">\n\t\t\t\t<div class=\"elementor-widget-container\">\n\t\t\t\t\t\t\t<ul class=\"elementor-icon-list-items\">\n\t\t\t\t\t\t\t<li class=\"elementor-icon-list-item\">\n\t\t\t\t\t\t\t\t\t\t\t<span class=\"elementor-icon-list-icon\">\n\t\t\t\t\t\t\t<svg aria-hidden=\"true\" class=\"e-font-icon-svg e-fas-check\" viewBox=\"0 0 512 512\" xmlns=\"http:\/\/www.w3.org\/2000\/svg\"><path d=\"M173.898 439.404l-166.4-166.4c-9.997-9.997-9.997-26.206 0-36.204l36.203-36.204c9.997-9.998 26.207-9.998 36.204 0L192 312.69 432.095 72.596c9.997-9.997 26.207-9.997 36.204 0l36.203 36.204c9.997 9.997 9.997 26.206 0 36.204l-294.4 294.401c-9.998 9.997-26.207 9.997-36.204-.001z\"><\/path><\/svg>\t\t\t\t\t\t<\/span>\n\t\t\t\t\t\t\t\t\t\t<span class=\"elementor-icon-list-text\">\u00dasalo en detalles textiles como cojines, cortinas, ropa de cama o tapizados auxiliares.<\/span>\n\t\t\t\t\t\t\t\t\t<\/li>\n\t\t\t\t\t\t\t\t<li class=\"elementor-icon-list-item\">\n\t\t\t\t\t\t\t\t\t\t\t<span class=\"elementor-icon-list-icon\">\n\t\t\t\t\t\t\t<svg aria-hidden=\"true\" class=\"e-font-icon-svg e-fas-check\" viewBox=\"0 0 512 512\" xmlns=\"http:\/\/www.w3.org\/2000\/svg\"><path d=\"M173.898 439.404l-166.4-166.4c-9.997-9.997-9.997-26.206 0-36.204l36.203-36.204c9.997-9.998 26.207-9.998 36.204 0L192 312.69 432.095 72.596c9.997-9.997 26.207-9.997 36.204 0l36.203 36.204c9.997 9.997 9.997 26.206 0 36.204l-294.4 294.401c-9.998 9.997-26.207 9.997-36.204-.001z\"><\/path><\/svg>\t\t\t\t\t\t<\/span>\n\t\t\t\t\t\t\t\t\t\t<span class=\"elementor-icon-list-text\">Funciona muy bien en butacas, sillas o piezas decorativas si buscas un toque actual y sereno.<\/span>\n\t\t\t\t\t\t\t\t\t<\/li>\n\t\t\t\t\t\t\t\t<li class=\"elementor-icon-list-item\">\n\t\t\t\t\t\t\t\t\t\t\t<span class=\"elementor-icon-list-icon\">\n\t\t\t\t\t\t\t<svg aria-hidden=\"true\" class=\"e-font-icon-svg e-fas-check\" viewBox=\"0 0 512 512\" xmlns=\"http:\/\/www.w3.org\/2000\/svg\"><path d=\"M173.898 439.404l-166.4-166.4c-9.997-9.997-9.997-26.206 0-36.204l36.203-36.204c9.997-9.998 26.207-9.998 36.204 0L192 312.69 432.095 72.596c9.997-9.997 26.207-9.997 36.204 0l36.203 36.204c9.997 9.997 9.997 26.206 0 36.204l-294.4 294.401c-9.998 9.997-26.207 9.997-36.204-.001z\"><\/path><\/svg>\t\t\t\t\t\t<\/span>\n\t\t\t\t\t\t\t\t\t\t<span class=\"elementor-icon-list-text\">Comb\u00ednalo con blanco roto, arena, madera natural y fibras para reforzar su efecto equilibrado.<\/span>\n\t\t\t\t\t\t\t\t\t<\/li>\n\t\t\t\t\t\t\t\t<li class=\"elementor-icon-list-item\">\n\t\t\t\t\t\t\t\t\t\t\t<span class=\"elementor-icon-list-icon\">\n\t\t\t\t\t\t\t<svg aria-hidden=\"true\" class=\"e-font-icon-svg e-fas-check\" viewBox=\"0 0 512 512\" xmlns=\"http:\/\/www.w3.org\/2000\/svg\"><path d=\"M173.898 439.404l-166.4-166.4c-9.997-9.997-9.997-26.206 0-36.204l36.203-36.204c9.997-9.998 26.207-9.998 36.204 0L192 312.69 432.095 72.596c9.997-9.997 26.207-9.997 36.204 0l36.203 36.204c9.997 9.997 9.997 26.206 0 36.204l-294.4 294.401c-9.998 9.997-26.207 9.997-36.204-.001z\"><\/path><\/svg>\t\t\t\t\t\t<\/span>\n\t\t\t\t\t\t\t\t\t\t<span class=\"elementor-icon-list-text\">En dormitorios, ayuda a crear una atm\u00f3sfera de descanso muy agradable.<\/span>\n\t\t\t\t\t\t\t\t\t<\/li>\n\t\t\t\t\t\t<\/ul>\n\t\t\t\t\t\t<\/div>\n\t\t\t\t<\/div>\n\t\t\t\t<div class=\"elementor-element elementor-element-dfe87d4 elementor-widget elementor-widget-image\" data-id=\"dfe87d4\" data-element_type=\"widget\" data-widget_type=\"image.default\">\n\t\t\t\t<div class=\"elementor-widget-container\">\n\t\t\t\t\t\t\t\t\t\t\t\t\t\t\t\t<a href=\"https:\/\/anabelmuebles.com\/tienda-online\/sofas\/butacas\/butaca-dormitorio-altea\/\">\n\t\t\t\t\t\t\t<img loading=\"lazy\" decoding=\"async\" width=\"800\" height=\"641\" src=\"https:\/\/anabelmuebles.com\/wp-content\/uploads\/2026\/04\/Butaca-de-dormitorio-Altea-tapizada_11zon-1024x820.webp\" class=\"attachment-large size-large wp-image-26828\" alt=\"Butaca de dormitorio Altea tapizada en dormitorio con tonos naturales\" srcset=\"https:\/\/anabelmuebles.com\/wp-content\/uploads\/2026\/04\/Butaca-de-dormitorio-Altea-tapizada_11zon-1024x820.webp 1024w, https:\/\/anabelmuebles.com\/wp-content\/uploads\/2026\/04\/Butaca-de-dormitorio-Altea-tapizada_11zon-300x240.webp 300w, https:\/\/anabelmuebles.com\/wp-content\/uploads\/2026\/04\/Butaca-de-dormitorio-Altea-tapizada_11zon-768x615.webp 768w, https:\/\/anabelmuebles.com\/wp-content\/uploads\/2026\/04\/Butaca-de-dormitorio-Altea-tapizada_11zon-15x12.webp 15w, https:\/\/anabelmuebles.com\/wp-content\/uploads\/2026\/04\/Butaca-de-dormitorio-Altea-tapizada_11zon-600x480.webp 600w, https:\/\/anabelmuebles.com\/wp-content\/uploads\/2026\/04\/Butaca-de-dormitorio-Altea-tapizada_11zon.webp 1093w\" sizes=\"(max-width: 800px) 100vw, 800px\" \/>\t\t\t\t\t\t\t\t<\/a>\n\t\t\t\t\t\t\t\t\t\t\t\t\t\t\t<\/div>\n\t\t\t\t<\/div>\n\t\t\t\t<div class=\"elementor-element elementor-element-822c506 elementor-widget elementor-widget-heading\" data-id=\"822c506\" data-element_type=\"widget\" data-widget_type=\"heading.default\">\n\t\t\t\t<div class=\"elementor-widget-container\">\n\t\t\t\t\t<h2 class=\"elementor-heading-title elementor-size-default\">Materiales y texturas que definir\u00e1n las tendencias en muebles 2026<\/h2>\t\t\t\t<\/div>\n\t\t\t\t<\/div>\n\t\t\t\t<div class=\"elementor-element elementor-element-6eb8779 elementor-widget elementor-widget-text-editor\" data-id=\"6eb8779\" data-element_type=\"widget\" data-widget_type=\"text-editor.default\">\n\t\t\t\t<div class=\"elementor-widget-container\">\n\t\t\t\t\t\t\t\t\t<p data-start=\"71\" data-end=\"475\">Si los colores ayudan a actualizar visualmente un espacio, los materiales y las texturas son los que terminan de darle <b>profundidad, car\u00e1cter y autenticidad<\/b>.\u00a0<\/p><p data-start=\"477\" data-end=\"949\">Las <span data-start=\"481\" data-end=\"511\">tendencias en muebles <\/span>apuestan por superficies con relieve, acabados menos artificiales y una mezcla de texturas que haga la casa m\u00e1s c\u00e1lida y habitable. Por eso, ganan protagonismo la madera con veta visible, los textiles con cuerpo, las piezas artesanales y las combinaciones de materiales que aportan contraste sin romper la armon\u00eda.<\/p><p data-start=\"951\" data-end=\"1310\">Elegir bien en este punto es una de las claves para que una casa se vea actual sin caer en una decoraci\u00f3n pasajera.<\/p>\t\t\t\t\t\t\t\t<\/div>\n\t\t\t\t<\/div>\n\t\t\t\t<div class=\"elementor-element elementor-element-bcf80c1 elementor-widget elementor-widget-heading\" data-id=\"bcf80c1\" data-element_type=\"widget\" data-widget_type=\"heading.default\">\n\t\t\t\t<div class=\"elementor-widget-container\">\n\t\t\t\t\t<h3 class=\"elementor-heading-title elementor-size-default\">Maderas naturales con veta visible: roble, nogal y teca<\/h3>\t\t\t\t<\/div>\n\t\t\t\t<\/div>\n\t\t\t\t<div class=\"elementor-element elementor-element-d97c38e elementor-widget elementor-widget-text-editor\" data-id=\"d97c38e\" data-element_type=\"widget\" data-widget_type=\"text-editor.default\">\n\t\t\t\t<div class=\"elementor-widget-container\">\n\t\t\t\t\t\t\t\t\t<p data-start=\"1373\" data-end=\"1761\">Frente a los acabados demasiado uniformes o artificiales, la tendencia favorece maderas que muestren su veta, su textura y su personalidad natural. Esa imperfecci\u00f3n visual, lejos de verse como un defecto, aporta autenticidad y profundidad a los espacios.<\/p>\n<p data-start=\"1763\" data-end=\"2261\">Dentro de esta l\u00ednea, el roble, el nogal y la teca destacan especialmente por su capacidad para adaptarse a distintos estilos. Cada una tiene una presencia diferente, pero todas comparten esa sensaci\u00f3n de <b>material noble y duradero<\/b> que encaja perfectamente con el rumbo que toma el interiorismo este a\u00f1o.<\/p>\t\t\t\t\t\t\t\t<\/div>\n\t\t\t\t<\/div>\n\t\t\t\t<div class=\"elementor-element elementor-element-bd1d2af ekit-equal-height-disable elementor-widget elementor-widget-elementskit-icon-box\" data-id=\"bd1d2af\" data-element_type=\"widget\" data-widget_type=\"elementskit-icon-box.default\">\n\t\t\t\t<div class=\"elementor-widget-container\">\n\t\t\t\t\t<div class=\"ekit-wid-con\" >        <!-- link opening -->\n                <a href=\"#\" class=\"ekit_global_links\">\n                <!-- end link opening -->\n\n        <div class=\"elementskit-infobox text-center text- icon-top-align elementor-animation-   \">\n                    <div class=\"elementskit-box-header elementor-animation-\">\n                <div class=\"elementskit-info-box-icon  \">\n                    <i aria-hidden=\"true\" class=\"elementkit-infobox-icon icon icon-planting\"><\/i>\n                <\/div>\n          <\/div>\n                        <div class=\"box-body\">\n                            <h3 class=\"elementskit-info-box-title\">\n                    Maderas naturales                <\/h3>\n                        \t\t  \t<p>El roble aporta equilibrio y luminosidad, el nogal introduce una elegancia m\u00e1s profunda y envolvente, y la teca conecta muy bien con ambientes naturales, c\u00e1lidos y con cierto aire contempor\u00e1neo.<\/p>\n                                <\/div>\n        \n        \n                <\/div>\n                <\/a>\n        <\/div>\t\t\t\t<\/div>\n\t\t\t\t<\/div>\n\t\t\t\t<div class=\"elementor-element elementor-element-b06d73e elementor-widget elementor-widget-heading\" data-id=\"b06d73e\" data-element_type=\"widget\" data-widget_type=\"heading.default\">\n\t\t\t\t<div class=\"elementor-widget-container\">\n\t\t\t\t\t<h3 class=\"elementor-heading-title elementor-size-default\">Textiles con tacto y volumen: boucl\u00e9, lino grueso y terciopelo<\/h3>\t\t\t\t<\/div>\n\t\t\t\t<\/div>\n\t\t\t\t<div class=\"elementor-element elementor-element-ee33d38 elementor-widget elementor-widget-text-editor\" data-id=\"ee33d38\" data-element_type=\"widget\" data-widget_type=\"text-editor.default\">\n\t\t\t\t<div class=\"elementor-widget-container\">\n\t\t\t\t\t\t\t\t\t<p data-start=\"2770\" data-end=\"3179\">Las texturas blandas y envolventes siguen ganando protagonismo en 2026, especialmente en sof\u00e1s, sillas, cabeceros y complementos textiles. La casa se entiende cada vez m\u00e1s como un lugar de refugio y bienestar, y eso hace que <b>los tejidos tengan un papel fundamental<\/b> en la forma de percibir una estancia.\u00a0<\/p><p data-start=\"2770\" data-end=\"3179\">En otras palabras, en las tendencias en muebles de hoy no solo importa el color del tapizado, sino tambi\u00e9n su volumen, su ca\u00edda y la sensaci\u00f3n visual que genera.<\/p><p data-start=\"3181\" data-end=\"3712\">El boucl\u00e9 destaca por su textura densa y suave, muy adecuada para sillones, butacas o piezas que buscan un aire contempor\u00e1neo y acogedor. En cambio, el lino grueso aporta naturalidad y ligereza, ideal en ambientes serenos y elegantes. En tercer lugar, el terciopelo introduce un punto m\u00e1s sofisticado sin perder calidez, sobre todo cuando se utiliza en tonos suaves, tierra o minerales.<\/p>\t\t\t\t\t\t\t\t<\/div>\n\t\t\t\t<\/div>\n\t\t\t\t<div class=\"elementor-element elementor-element-18dc81f ekit-equal-height-disable elementor-widget elementor-widget-elementskit-icon-box\" data-id=\"18dc81f\" data-element_type=\"widget\" data-widget_type=\"elementskit-icon-box.default\">\n\t\t\t\t<div class=\"elementor-widget-container\">\n\t\t\t\t\t<div class=\"ekit-wid-con\" >        <!-- link opening -->\n                <a href=\"#\" class=\"ekit_global_links\">\n                <!-- end link opening -->\n\n        <div class=\"elementskit-infobox text-center text- icon-top-align elementor-animation-   \">\n                    <div class=\"elementskit-box-header elementor-animation-\">\n                <div class=\"elementskit-info-box-icon  \">\n                    <i aria-hidden=\"true\" class=\"elementkit-infobox-icon icon icon-layers1\"><\/i>\n                <\/div>\n          <\/div>\n                        <div class=\"box-body\">\n                            <h3 class=\"elementskit-info-box-title\">\n                    Texturas                <\/h3>\n                        \t\t  \t<p>Lo interesante de estos materiales es que ayudan a equilibrar la decoraci\u00f3n. Una estancia con l\u00edneas limpias puede ganar mucha calidez solo con introducir un textil con cuerpo. <\/p>\n                                <\/div>\n        \n        \n                <\/div>\n                <\/a>\n        <\/div>\t\t\t\t<\/div>\n\t\t\t\t<\/div>\n\t\t\t\t<div class=\"elementor-element elementor-element-544f1f4 elementor-widget elementor-widget-heading\" data-id=\"544f1f4\" data-element_type=\"widget\" data-widget_type=\"heading.default\">\n\t\t\t\t<div class=\"elementor-widget-container\">\n\t\t\t\t\t<h3 class=\"elementor-heading-title elementor-size-default\">Elementos artesanales: cer\u00e1mica, gres, rat\u00e1n y yute<\/h3>\t\t\t\t<\/div>\n\t\t\t\t<\/div>\n\t\t\t\t<div class=\"elementor-element elementor-element-fa9eeb9 elementor-widget elementor-widget-text-editor\" data-id=\"fa9eeb9\" data-element_type=\"widget\" data-widget_type=\"text-editor.default\">\n\t\t\t\t<div class=\"elementor-widget-container\">\n\t\t\t\t\t\t\t\t\t<p data-start=\"4249\" data-end=\"4592\">Otra de las grandes claves de 2026 es la vuelta a lo artesanal, no como una tendencia puramente decorativa, sino como una forma de introducir calidez, singularidad y conexi\u00f3n con materiales m\u00e1s honestos. La cer\u00e1mica, el gres, el rat\u00e1n y el yute tienen en com\u00fan esa <b>capacidad de hacer que un espacio se sienta m\u00e1s natural y menos estandarizado<\/b>.<\/p>\n<p data-start=\"4594\" data-end=\"5059\">Son materiales ligeros visualmente, pero muy eficaces para aportar calidez en sillas, alfombras, cestas, cabeceros o peque\u00f1os muebles auxiliares.<\/p>\n<p data-start=\"5061\" data-end=\"5659\">Lo mejor de estos elementos es que no necesitan dominar una estancia para notarse. De hecho, suelen funcionar mejor cuando se introducen con equilibrio, como una capa m\u00e1s dentro del conjunto. Esa sutileza es, precisamente, una de las razones por las que estos materiales encajan tan bien con las <span data-start=\"5628\" data-end=\"5658\">tendencias en muebles 2026<\/span>.<\/p>\t\t\t\t\t\t\t\t<\/div>\n\t\t\t\t<\/div>\n\t\t\t\t<div class=\"elementor-element elementor-element-fd1a40e ekit-equal-height-disable elementor-widget elementor-widget-elementskit-icon-box\" data-id=\"fd1a40e\" data-element_type=\"widget\" data-widget_type=\"elementskit-icon-box.default\">\n\t\t\t\t<div class=\"elementor-widget-container\">\n\t\t\t\t\t<div class=\"ekit-wid-con\" >        <!-- link opening -->\n                <a href=\"#\" class=\"ekit_global_links\">\n                <!-- end link opening -->\n\n        <div class=\"elementskit-infobox text-center text- icon-top-align elementor-animation-   \">\n                    <div class=\"elementskit-box-header elementor-animation-\">\n                <div class=\"elementskit-info-box-icon  \">\n                    <i aria-hidden=\"true\" class=\"elementkit-infobox-icon icon icon-improvement\"><\/i>\n                <\/div>\n          <\/div>\n                        <div class=\"box-body\">\n                            <h3 class=\"elementskit-info-box-title\">\n                    Estilo artesanal                <\/h3>\n                        \t\t  \t<p>La cer\u00e1mica y el gres aportan textura, irregularidad y un acabado visual mucho m\u00e1s humano, ideal romper con la perfecci\u00f3n de los interiores demasiado previsibles. El rat\u00e1n y el yute, en cambio, refuerzan la sensaci\u00f3n de hogar conectado con la naturaleza.<\/p>\n                                <\/div>\n        \n        \n                <\/div>\n                <\/a>\n        <\/div>\t\t\t\t<\/div>\n\t\t\t\t<\/div>\n\t\t\t\t<div class=\"elementor-element elementor-element-5c2bd25 elementor-widget elementor-widget-heading\" data-id=\"5c2bd25\" data-element_type=\"widget\" data-widget_type=\"heading.default\">\n\t\t\t\t<div class=\"elementor-widget-container\">\n\t\t\t\t\t<h3 class=\"elementor-heading-title elementor-size-default\">Metales mixtos: la combinaci\u00f3n de metal y madera sigue ganando fuerza<\/h3>\t\t\t\t<\/div>\n\t\t\t\t<\/div>\n\t\t\t\t<div class=\"elementor-element elementor-element-c003785 elementor-widget elementor-widget-text-editor\" data-id=\"c003785\" data-element_type=\"widget\" data-widget_type=\"text-editor.default\">\n\t\t\t\t<div class=\"elementor-widget-container\">\n\t\t\t\t\t\t\t\t\t<p data-start=\"5736\" data-end=\"6173\">Aunque los materiales naturales siguen marcando el ritmo, en 2026 no desaparece el inter\u00e9s por los contrastes. De hecho, una de las combinaciones que mejor funciona este a\u00f1o es la de metal y madera, especialmente cuando se aplica con equilibrio y sin un exceso industrial.&nbsp;<\/p>\n<p data-start=\"6175\" data-end=\"6570\"><b>La clave est\u00e1 en c\u00f3mo se utiliza<\/b>. Patas met\u00e1licas en mesas de comedor, estructuras ligeras en estanter\u00edas, sillas con l\u00edneas finas o mesas auxiliares que combinan madera con hierro o acero mate son ejemplos claros de esta tendencia.<\/p>\n<p data-start=\"6572\" data-end=\"7081\" data-is-last-node=\"\" data-is-only-node=\"\">La madera aporta naturalidad y presencia, mientras que el metal introduce orden visual y una sensaci\u00f3n m\u00e1s contempor\u00e1nea. Por eso, siguen siendo una f\u00f3rmula v\u00e1lida dentro de las tendencias en muebles, sobre todo en hogares que buscan verse actuales sin renunciar a la comodidad y a la sensaci\u00f3n de hogar.<\/p>\t\t\t\t\t\t\t\t<\/div>\n\t\t\t\t<\/div>\n\t\t\t\t<div class=\"elementor-element elementor-element-35e9008 ekit-equal-height-disable elementor-widget elementor-widget-elementskit-icon-box\" data-id=\"35e9008\" data-element_type=\"widget\" data-widget_type=\"elementskit-icon-box.default\">\n\t\t\t\t<div class=\"elementor-widget-container\">\n\t\t\t\t\t<div class=\"ekit-wid-con\" >        <!-- link opening -->\n                <a href=\"#\" class=\"ekit_global_links\">\n                <!-- end link opening -->\n\n        <div class=\"elementskit-infobox text-center text- icon-top-align elementor-animation-   \">\n                    <div class=\"elementskit-box-header elementor-animation-\">\n                <div class=\"elementskit-info-box-icon  \">\n                    <i aria-hidden=\"true\" class=\"elementkit-infobox-icon icon icon-settings1\"><\/i>\n                <\/div>\n          <\/div>\n                        <div class=\"box-body\">\n                            <h3 class=\"elementskit-info-box-title\">\n                    Metales                <\/h3>\n                        \t\t  \t<p>El metal ya no se entiende como un acabado fr\u00edo o dominante, sino como un elemento que acompa\u00f1a a la madera y le da soporte, definici\u00f3n o un contraste m\u00e1s actual.<\/p>\n                                <\/div>\n        \n        \n                <\/div>\n                <\/a>\n        <\/div>\t\t\t\t<\/div>\n\t\t\t\t<\/div>\n\t\t\t\t<div class=\"elementor-element elementor-element-7d20231 elementor-widget elementor-widget-heading\" data-id=\"7d20231\" data-element_type=\"widget\" data-widget_type=\"heading.default\">\n\t\t\t\t<div class=\"elementor-widget-container\">\n\t\t\t\t\t<h2 class=\"elementor-heading-title elementor-size-default\">\u00bfC\u00f3mo aplicar las tendencias en muebles 2026 sin recargar tu hogar?<\/h2>\t\t\t\t<\/div>\n\t\t\t\t<\/div>\n\t\t\t\t<div class=\"elementor-element elementor-element-9f0a0e1 elementor-widget elementor-widget-text-editor\" data-id=\"9f0a0e1\" data-element_type=\"widget\" data-widget_type=\"text-editor.default\">\n\t\t\t\t<div class=\"elementor-widget-container\">\n\t\t\t\t\t\t\t\t\t<p data-start=\"72\" data-end=\"539\">Una de las dudas m\u00e1s habituales al hablar de tendencias en muebles es c\u00f3mo llevarlas a casa sin que el resultado se vea forzado, excesivo o demasiado condicionado por la moda del momento.<\/p><p data-start=\"541\" data-end=\"1070\">Los hogares que mejor envejecen no son los que siguen cada moda al pie de la letra, sino los que saben <b>incorporar novedades sin perder identidad<\/b>. Por eso, antes de cambiar varias piezas a la vez, conviene pensar qu\u00e9 necesita realmente cada espacio, qu\u00e9 estilo ya existe en casa y qu\u00e9 elementos pueden actualizarse sin romper la armon\u00eda del conjunto.\u00a0<\/p><p data-start=\"541\" data-end=\"1070\">Por consiguiente, la clave este a\u00f1o es que tomes decisiones m\u00e1s conscientes, pienses en composiciones equilibradas y que m\u00e1s all\u00e1 de quedar bien en una foto, la idea es potenciar la sensaci\u00f3n de bienestar y confort.<\/p><p data-start=\"1072\" data-end=\"1352\">Aplicar las tendencias en muebles 2026 de forma inteligente pasa por elegir bien, no por elegir mucho. A veces basta con una pieza protagonista, una nueva combinaci\u00f3n de materiales o un cambio de color bien medido para transformar una estancia y hacer que se vea mucho m\u00e1s actual.<\/p>\t\t\t\t\t\t\t\t<\/div>\n\t\t\t\t<\/div>\n\t\t\t\t<div class=\"elementor-element elementor-element-f4344d2 elementor-widget elementor-widget-video\" data-id=\"f4344d2\" data-element_type=\"widget\" data-settings=\"{&quot;youtube_url&quot;:&quot;https:\\\/\\\/www.youtube.com\\\/shorts\\\/Kqjo2E_26CA?feature=share&quot;,&quot;video_type&quot;:&quot;youtube&quot;,&quot;controls&quot;:&quot;yes&quot;}\" data-widget_type=\"video.default\">\n\t\t\t\t<div class=\"elementor-widget-container\">\n\t\t\t\t\t\t\t<div class=\"elementor-wrapper elementor-open-inline\">\n\t\t\t<div class=\"elementor-video\"><\/div>\t\t<\/div>\n\t\t\t\t\t\t<\/div>\n\t\t\t\t<\/div>\n\t\t\t\t<div class=\"elementor-element elementor-element-78997d8 elementor-widget elementor-widget-heading\" data-id=\"78997d8\" data-element_type=\"widget\" data-widget_type=\"heading.default\">\n\t\t\t\t<div class=\"elementor-widget-container\">\n\t\t\t\t\t<h3 class=\"elementor-heading-title elementor-size-default\">Elige una pieza protagonista y construye el espacio a su alrededor<\/h3>\t\t\t\t<\/div>\n\t\t\t\t<\/div>\n\t\t\t\t<div class=\"elementor-element elementor-element-73981db elementor-widget elementor-widget-text-editor\" data-id=\"73981db\" data-element_type=\"widget\" data-widget_type=\"text-editor.default\">\n\t\t\t\t<div class=\"elementor-widget-container\">\n\t\t\t\t\t\t\t\t\t<p data-start=\"1426\" data-end=\"1863\">Cuando se quiere actualizar una estancia, el error m\u00e1s com\u00fan es intentar cambiar demasiadas cosas al mismo tiempo. Eso no solo complica la decoraci\u00f3n, sino que suele dar como resultado espacios sobrecargados, sin jerarqu\u00eda visual y con una mezcla de elementos que compiten entre s\u00ed. Una forma mucho m\u00e1s eficaz de aplicar las tendencias en muebles es<b> partir de una sola pieza protagonista<\/b> y construir el resto del ambiente a su alrededor.<\/p><p data-start=\"1865\" data-end=\"2293\">Esa pieza puede ser un sof\u00e1 de l\u00edneas m\u00e1s org\u00e1nicas, una <a href=\"https:\/\/anabelmuebles.com\/sillas-y-mesas\/mesas-de-comedor\/\">mesa de comedor<\/a> con presencia, una butaca de tapizado actual o incluso un cabecero que marque el tono del dormitorio. Lo importante es que tenga suficiente peso visual como para definir la estancia y servir de punto de partida para el resto de decisiones.\u00a0<\/p>\t\t\t\t\t\t\t\t<\/div>\n\t\t\t\t<\/div>\n\t\t\t\t<div class=\"elementor-element elementor-element-5db3cf7 elementor-widget elementor-widget-heading\" data-id=\"5db3cf7\" data-element_type=\"widget\" data-widget_type=\"heading.default\">\n\t\t\t\t<div class=\"elementor-widget-container\">\n\t\t\t\t\t<h3 class=\"elementor-heading-title elementor-size-default\">Combina tendencia y funcionalidad para que tu casa siga siendo c\u00f3moda<\/h3>\t\t\t\t<\/div>\n\t\t\t\t<\/div>\n\t\t\t\t<div class=\"elementor-element elementor-element-838a2f9 elementor-widget elementor-widget-text-editor\" data-id=\"838a2f9\" data-element_type=\"widget\" data-widget_type=\"text-editor.default\">\n\t\t\t\t<div class=\"elementor-widget-container\">\n\t\t\t\t\t\t\t\t\t<p data-start=\"3100\" data-end=\"3529\">Seguir una tendencia no deber\u00eda hacer que una casa pierda comodidad. De hecho, si una decisi\u00f3n decorativa complica el uso diario del espacio, probablemente no sea una buena decisi\u00f3n, por mucho que se vea atractiva sobre el papel.&nbsp;<\/p>\n<p data-start=\"3100\" data-end=\"3529\">Ya no se trata de decorar para impresionar, sino de elegir piezas que hagan el <b>hogar m\u00e1s actual, m\u00e1s acogedor y tambi\u00e9n m\u00e1s habitable.<\/b><\/p>\n<p data-start=\"3531\" data-end=\"4007\">Desde esta perspectiva, antes de incorporar una pieza por est\u00e9tica, conviene hacerse preguntas muy concretas: si encaja con el ritmo de vida de la casa, si aporta algo m\u00e1s que una mejora visual y si va a seguir funcionando cuando pase el efecto novedad.&nbsp;<\/p>\t\t\t\t\t\t\t\t<\/div>\n\t\t\t\t<\/div>\n\t\t\t\t<div class=\"elementor-element elementor-element-1c9678b elementor-widget elementor-widget-heading\" data-id=\"1c9678b\" data-element_type=\"widget\" data-widget_type=\"heading.default\">\n\t\t\t\t<div class=\"elementor-widget-container\">\n\t\t\t\t\t<h3 class=\"elementor-heading-title elementor-size-default\">Mezclar estilos, colores y materiales sin perder coherencia<\/h3>\t\t\t\t<\/div>\n\t\t\t\t<\/div>\n\t\t\t\t<div class=\"elementor-element elementor-element-db45db5 elementor-widget elementor-widget-text-editor\" data-id=\"db45db5\" data-element_type=\"widget\" data-widget_type=\"text-editor.default\">\n\t\t\t\t<div class=\"elementor-widget-container\">\n\t\t\t\t\t\t\t\t\t<p data-start=\"4828\" data-end=\"5214\">Sumado a lo anterior, las casas demasiado planas, uniformes o previsibles dejan paso a <b>espacios con m\u00e1s matices<\/b>, donde conviven distintos acabados, colores y referencias est\u00e9ticas.&nbsp;<\/p>\n<p data-start=\"5733\" data-end=\"6220\">Lo interesante est\u00e1 en combinar esos lenguajes con sutileza: una mesa de l\u00edneas limpias con sillas m\u00e1s envolventes, un sof\u00e1 de formas suaves con una l\u00e1mpara de aire artesanal, o un dormitorio sereno con un mueble auxiliar de car\u00e1cter m\u00e1s contempor\u00e1neo. Cuando las mezclas responden a una intenci\u00f3n y no al azar, el resultado se ve mucho m\u00e1s cuidado.<\/p>\n<p data-start=\"6222\" data-end=\"6539\" data-is-last-node=\"\" data-is-only-node=\"\">Aplicar las tendencias en muebles desde esta l\u00f3gica te permite actualizar tu hogar sin renunciar a lo que ya funciona. No hace falta que todo combine de forma exacta; lo importante es que todo dialogue bien dentro del mismo espacio.<\/p>\t\t\t\t\t\t\t\t<\/div>\n\t\t\t\t<\/div>\n\t\t\t\t<div class=\"elementor-element elementor-element-885b6ec elementor-widget elementor-widget-image\" data-id=\"885b6ec\" data-element_type=\"widget\" data-widget_type=\"image.default\">\n\t\t\t\t<div class=\"elementor-widget-container\">\n\t\t\t\t\t\t\t\t\t\t\t\t\t\t\t<img loading=\"lazy\" decoding=\"async\" width=\"800\" height=\"534\" src=\"https:\/\/anabelmuebles.com\/wp-content\/uploads\/2026\/04\/Como-aplicar-las-tendencias-en-muebles-2026-sin-recargar-tu-hogar-1024x683.webp\" class=\"attachment-large size-large wp-image-26850\" alt=\"Aprende a aplicar las tendencias en muebles 2026 sin recargar tu hogar\" srcset=\"https:\/\/anabelmuebles.com\/wp-content\/uploads\/2026\/04\/Como-aplicar-las-tendencias-en-muebles-2026-sin-recargar-tu-hogar-1024x683.webp 1024w, https:\/\/anabelmuebles.com\/wp-content\/uploads\/2026\/04\/Como-aplicar-las-tendencias-en-muebles-2026-sin-recargar-tu-hogar-300x200.webp 300w, https:\/\/anabelmuebles.com\/wp-content\/uploads\/2026\/04\/Como-aplicar-las-tendencias-en-muebles-2026-sin-recargar-tu-hogar-768x512.webp 768w, https:\/\/anabelmuebles.com\/wp-content\/uploads\/2026\/04\/Como-aplicar-las-tendencias-en-muebles-2026-sin-recargar-tu-hogar-18x12.webp 18w, https:\/\/anabelmuebles.com\/wp-content\/uploads\/2026\/04\/Como-aplicar-las-tendencias-en-muebles-2026-sin-recargar-tu-hogar-600x400.webp 600w, https:\/\/anabelmuebles.com\/wp-content\/uploads\/2026\/04\/Como-aplicar-las-tendencias-en-muebles-2026-sin-recargar-tu-hogar.webp 1166w\" sizes=\"(max-width: 800px) 100vw, 800px\" \/>\t\t\t\t\t\t\t\t\t\t\t\t\t\t\t<\/div>\n\t\t\t\t<\/div>\n\t\t\t\t<div class=\"elementor-element elementor-element-1f397ba elementor-widget elementor-widget-heading\" data-id=\"1f397ba\" data-element_type=\"widget\" data-widget_type=\"heading.default\">\n\t\t\t\t<div class=\"elementor-widget-container\">\n\t\t\t\t\t<h2 class=\"elementor-heading-title elementor-size-default\">Las tendencias en muebles 2026 no consisten en cambiarlo todo, sino en elegir mejor<\/h2>\t\t\t\t<\/div>\n\t\t\t\t<\/div>\n\t\t\t\t<div class=\"elementor-element elementor-element-ae36bac elementor-widget elementor-widget-text-editor\" data-id=\"ae36bac\" data-element_type=\"widget\" data-widget_type=\"text-editor.default\">\n\t\t\t\t<div class=\"elementor-widget-container\">\n\t\t\t\t\t\t\t\t\t<p data-start=\"100\" data-end=\"429\">La meta es muy clara: <b>actualizar tu hogar no significa empezar de cero<\/b>. Este a\u00f1o, el valor est\u00e1 en tomar decisiones m\u00e1s conscientes, elegir materiales con personalidad, apostar por colores que aporten calidez y dar protagonismo a piezas que realmente mejoren la forma en que vives cada espacio.<\/p><p data-start=\"431\" data-end=\"934\">M\u00e1s que seguir una moda de forma literal, la clave est\u00e1 en entender qu\u00e9 tendencias encajan contigo, con tu casa y con tu ritmo de vida. Un sal\u00f3n puede cambiar por completo con un sof\u00e1 de l\u00edneas m\u00e1s suaves, un comedor puede ganar actualidad con una mesa de acabado natural y unas sillas bien elegidas, y un dormitorio puede sentirse mucho m\u00e1s sereno con textiles, tonos y materiales m\u00e1s c\u00e1lidos.\u00a0<\/p><p data-start=\"431\" data-end=\"934\">No hace falta cambiarlo todo para notar la diferencia; hace falta elegir mejor lo que s\u00ed decides incorporar.<\/p><p data-start=\"936\" data-end=\"1344\">En ese sentido, las tendencias en muebles 2026 apuestan por hogares m\u00e1s humanos, m\u00e1s c\u00f3modos y con m\u00e1s identidad. Si est\u00e1s pensando en renovar alguna estancia, este puede ser un buen momento para hacerlo con criterio y empezar por aquellas piezas que realmente pueden transformar tu hogar.<\/p><p data-start=\"936\" data-end=\"1344\">Si al llegar aqu\u00ed ya sabes qu\u00e9 necesitas en tu hogar, no dudes en visitar la <a href=\"https:\/\/anabelmuebles.com\/tienda-online\/\">tienda de muebles online<\/a> de <b>Anabel Muebles<\/b>. Es el espacio indicado si buscas variedad de estilos, productos de calidad y atenci\u00f3n personalizada.<\/p>\t\t\t\t\t\t\t\t<\/div>\n\t\t\t\t<\/div>\n\t\t\t\t\t<\/div>\n\t\t<\/div>\n\t\t\t\t<div class=\"elementor-column elementor-col-50 elementor-top-column elementor-element elementor-element-55a55a9e animated-slow elementor-invisible\" data-id=\"55a55a9e\" data-element_type=\"column\" data-settings=\"{&quot;animation&quot;:&quot;fadeIn&quot;}\">\n\t\t\t<div class=\"elementor-widget-wrap elementor-element-populated\">\n\t\t\t\t\t\t<div class=\"elementor-element elementor-element-73256573 elementor-search-form--skin-classic elementor-search-form--button-type-icon elementor-search-form--icon-search elementor-widget elementor-widget-search-form\" data-id=\"73256573\" data-element_type=\"widget\" data-settings=\"{&quot;skin&quot;:&quot;classic&quot;}\" data-widget_type=\"search-form.default\">\n\t\t\t\t<div class=\"elementor-widget-container\">\n\t\t\t\t\t\t\t<search role=\"search\">\n\t\t\t<form class=\"elementor-search-form\" action=\"https:\/\/anabelmuebles.com\/ca\" method=\"get\">\n\t\t\t\t\t\t\t\t\t\t\t\t<div class=\"elementor-search-form__container\">\n\t\t\t\t\t<label class=\"elementor-screen-only\" for=\"elementor-search-form-73256573\">Search<\/label>\n\n\t\t\t\t\t\n\t\t\t\t\t<input id=\"elementor-search-form-73256573\" placeholder=\"Buscar...\" class=\"elementor-search-form__input\" type=\"search\" name=\"s\" value=\"\">\n\t\t\t\t\t\n\t\t\t\t\t\t\t\t\t\t\t<button class=\"elementor-search-form__submit\" type=\"submit\" aria-label=\"Search\">\n\t\t\t\t\t\t\t\t\t\t\t\t\t\t\t<div class=\"e-font-icon-svg-container\"><svg class=\"fa fa-search e-font-icon-svg e-fas-search\" viewBox=\"0 0 512 512\" xmlns=\"http:\/\/www.w3.org\/2000\/svg\"><path d=\"M505 442.7L405.3 343c-4.5-4.5-10.6-7-17-7H372c27.6-35.3 44-79.7 44-128C416 93.1 322.9 0 208 0S0 93.1 0 208s93.1 208 208 208c48.3 0 92.7-16.4 128-44v16.3c0 6.4 2.5 12.5 7 17l99.7 99.7c9.4 9.4 24.6 9.4 33.9 0l28.3-28.3c9.4-9.4 9.4-24.6.1-34zM208 336c-70.7 0-128-57.2-128-128 0-70.7 57.2-128 128-128 70.7 0 128 57.2 128 128 0 70.7-57.2 128-128 128z\"><\/path><\/svg><\/div>\t\t\t\t\t\t\t\t\t\t\t\t\t<\/button>\n\t\t\t\t\t\n\t\t\t\t\t\t\t\t\t<\/div>\n\t\t\t<\/form>\n\t\t<\/search>\n\t\t\t\t\t\t<\/div>\n\t\t\t\t<\/div>\n\t\t\t\t<div class=\"elementor-element elementor-element-2a066687 elementor-widget elementor-widget-heading\" data-id=\"2a066687\" data-element_type=\"widget\" data-widget_type=\"heading.default\">\n\t\t\t\t<div class=\"elementor-widget-container\">\n\t\t\t\t\t<div class=\"elementor-heading-title elementor-size-default\">Ultimos art\u00edculos <\/div>\t\t\t\t<\/div>\n\t\t\t\t<\/div>\n\t\t\t\t<div class=\"elementor-element elementor-element-79737522 elementor-grid-1 elementor-posts--thumbnail-left elementor-grid-tablet-2 elementor-grid-mobile-1 elementor-widget elementor-widget-posts\" data-id=\"79737522\" data-element_type=\"widget\" data-settings=\"{&quot;classic_columns&quot;:&quot;1&quot;,&quot;classic_row_gap&quot;:{&quot;unit&quot;:&quot;px&quot;,&quot;size&quot;:21,&quot;sizes&quot;:[]},&quot;classic_columns_tablet&quot;:&quot;2&quot;,&quot;classic_columns_mobile&quot;:&quot;1&quot;,&quot;classic_row_gap_tablet&quot;:{&quot;unit&quot;:&quot;px&quot;,&quot;size&quot;:&quot;&quot;,&quot;sizes&quot;:[]},&quot;classic_row_gap_mobile&quot;:{&quot;unit&quot;:&quot;px&quot;,&quot;size&quot;:&quot;&quot;,&quot;sizes&quot;:[]}}\" data-widget_type=\"posts.classic\">\n\t\t\t\t<div class=\"elementor-widget-container\">\n\t\t\t\t\t\t\t<div class=\"elementor-posts-container elementor-posts elementor-posts--skin-classic elementor-grid\" role=\"list\">\n\t\t\t\t<article class=\"elementor-post elementor-grid-item post-26748 post type-post status-publish format-standard has-post-thumbnail hentry category-noticias-destacadas\" role=\"listitem\">\n\t\t\t\t<a class=\"elementor-post__thumbnail__link\" href=\"https:\/\/anabelmuebles.com\/ca\/tendencias-en-muebles-2026\/\" tabindex=\"-1\">\n\t\t\t<div class=\"elementor-post__thumbnail\"><img fetchpriority=\"high\" decoding=\"async\" width=\"1536\" height=\"1024\" src=\"https:\/\/anabelmuebles.com\/wp-content\/uploads\/2026\/04\/ChatGPT-Image-27-abr-2026-04_00_43-p.m.png\" class=\"attachment-full size-full wp-image-26864\" alt=\"Tendencias en muebles 2026 para el hogar con estilo c\u00e1lido, materiales naturales y decoraci\u00f3n actual\" srcset=\"https:\/\/anabelmuebles.com\/wp-content\/uploads\/2026\/04\/ChatGPT-Image-27-abr-2026-04_00_43-p.m.png 1536w, https:\/\/anabelmuebles.com\/wp-content\/uploads\/2026\/04\/ChatGPT-Image-27-abr-2026-04_00_43-p.m-300x200.png 300w, https:\/\/anabelmuebles.com\/wp-content\/uploads\/2026\/04\/ChatGPT-Image-27-abr-2026-04_00_43-p.m-1024x683.png 1024w, https:\/\/anabelmuebles.com\/wp-content\/uploads\/2026\/04\/ChatGPT-Image-27-abr-2026-04_00_43-p.m-768x512.png 768w, https:\/\/anabelmuebles.com\/wp-content\/uploads\/2026\/04\/ChatGPT-Image-27-abr-2026-04_00_43-p.m-18x12.png 18w, https:\/\/anabelmuebles.com\/wp-content\/uploads\/2026\/04\/ChatGPT-Image-27-abr-2026-04_00_43-p.m-600x400.png 600w\" sizes=\"(max-width: 1536px) 100vw, 1536px\" \/><\/div>\n\t\t<\/a>\n\t\t\t\t<div class=\"elementor-post__text\">\n\t\t\t\t<div class=\"elementor-post__title\">\n\t\t\t<a href=\"https:\/\/anabelmuebles.com\/ca\/tendencias-en-muebles-2026\/\">\n\t\t\t\tTendencias en muebles 2026: estilos, colores y materiales que dominar\u00e1n tu hogar\t\t\t<\/a>\n\t\t<\/div>\n\t\t\t\t<div class=\"elementor-post__meta-data\">\n\t\t\t\t\t<span class=\"elementor-post-date\">\n\t\t\t28 d'abril de 2026\t\t<\/span>\n\t\t\t\t<\/div>\n\t\t\t\t<\/div>\n\t\t\t\t<\/article>\n\t\t\t\t<article class=\"elementor-post elementor-grid-item post-26629 post type-post status-publish format-standard has-post-thumbnail hentry category-noticias-destacadas\" role=\"listitem\">\n\t\t\t\t<a class=\"elementor-post__thumbnail__link\" href=\"https:\/\/anabelmuebles.com\/ca\/como-elegir-colchon-premium-guia\/\" tabindex=\"-1\">\n\t\t\t<div class=\"elementor-post__thumbnail\"><img loading=\"lazy\" decoding=\"async\" width=\"1480\" height=\"1080\" src=\"https:\/\/anabelmuebles.com\/wp-content\/uploads\/2026\/04\/Colchon-Premium-Birmingham-Titan-Ambiente.webp\" class=\"attachment-full size-full wp-image-26636\" alt=\"Colch\u00f3n Premium Birmingham Titan en Ambiente minimalista de habitaci\u00f3n de lujo\" srcset=\"https:\/\/anabelmuebles.com\/wp-content\/uploads\/2026\/04\/Colchon-Premium-Birmingham-Titan-Ambiente.webp 1480w, https:\/\/anabelmuebles.com\/wp-content\/uploads\/2026\/04\/Colchon-Premium-Birmingham-Titan-Ambiente-300x219.webp 300w, https:\/\/anabelmuebles.com\/wp-content\/uploads\/2026\/04\/Colchon-Premium-Birmingham-Titan-Ambiente-1024x747.webp 1024w, https:\/\/anabelmuebles.com\/wp-content\/uploads\/2026\/04\/Colchon-Premium-Birmingham-Titan-Ambiente-768x560.webp 768w, https:\/\/anabelmuebles.com\/wp-content\/uploads\/2026\/04\/Colchon-Premium-Birmingham-Titan-Ambiente-16x12.webp 16w, https:\/\/anabelmuebles.com\/wp-content\/uploads\/2026\/04\/Colchon-Premium-Birmingham-Titan-Ambiente-600x438.webp 600w\" sizes=\"(max-width: 1480px) 100vw, 1480px\" \/><\/div>\n\t\t<\/a>\n\t\t\t\t<div class=\"elementor-post__text\">\n\t\t\t\t<div class=\"elementor-post__title\">\n\t\t\t<a href=\"https:\/\/anabelmuebles.com\/ca\/como-elegir-colchon-premium-guia\/\">\n\t\t\t\tC\u00f3mo elegir un colch\u00f3n premium: gu\u00eda definitiva seg\u00fan tu peso, postura y necesidades\t\t\t<\/a>\n\t\t<\/div>\n\t\t\t\t<div class=\"elementor-post__meta-data\">\n\t\t\t\t\t<span class=\"elementor-post-date\">\n\t\t\t23 d'abril de 2026\t\t<\/span>\n\t\t\t\t<\/div>\n\t\t\t\t<\/div>\n\t\t\t\t<\/article>\n\t\t\t\t<article class=\"elementor-post elementor-grid-item post-26494 post type-post status-publish format-standard has-post-thumbnail hentry category-noticias-destacadas\" role=\"listitem\">\n\t\t\t\t<a class=\"elementor-post__thumbnail__link\" href=\"https:\/\/anabelmuebles.com\/ca\/como-comprar-muebles-online-guia\/\" tabindex=\"-1\">\n\t\t\t<div class=\"elementor-post__thumbnail\"><img loading=\"lazy\" decoding=\"async\" width=\"800\" height=\"533\" src=\"https:\/\/anabelmuebles.com\/wp-content\/uploads\/2026\/04\/Comprar-muebles-online-1.webp\" class=\"attachment-full size-full wp-image-26601\" alt=\"Persona que decidi\u00f3 comprar muebles online sin preocupaciones para recibir sus compras en casa\" srcset=\"https:\/\/anabelmuebles.com\/wp-content\/uploads\/2026\/04\/Comprar-muebles-online-1.webp 800w, https:\/\/anabelmuebles.com\/wp-content\/uploads\/2026\/04\/Comprar-muebles-online-1-300x200.webp 300w, https:\/\/anabelmuebles.com\/wp-content\/uploads\/2026\/04\/Comprar-muebles-online-1-768x512.webp 768w, https:\/\/anabelmuebles.com\/wp-content\/uploads\/2026\/04\/Comprar-muebles-online-1-600x400.webp 600w\" sizes=\"(max-width: 800px) 100vw, 800px\" \/><\/div>\n\t\t<\/a>\n\t\t\t\t<div class=\"elementor-post__text\">\n\t\t\t\t<div class=\"elementor-post__title\">\n\t\t\t<a href=\"https:\/\/anabelmuebles.com\/ca\/como-comprar-muebles-online-guia\/\">\n\t\t\t\tC\u00f3mo comprar muebles online sin equivocarte: gu\u00eda completa para elegir calidad y evitar errores\t\t\t<\/a>\n\t\t<\/div>\n\t\t\t\t<div class=\"elementor-post__meta-data\">\n\t\t\t\t\t<span class=\"elementor-post-date\">\n\t\t\t16 d'abril de 2026\t\t<\/span>\n\t\t\t\t<\/div>\n\t\t\t\t<\/div>\n\t\t\t\t<\/article>\n\t\t\t\t<article class=\"elementor-post elementor-grid-item post-26134 post type-post status-publish format-standard has-post-thumbnail hentry category-noticias-destacadas\" role=\"listitem\">\n\t\t\t\t<a class=\"elementor-post__thumbnail__link\" href=\"https:\/\/anabelmuebles.com\/ca\/canape-abatible-o-base-tapizada-cual-es-mejor\/\" tabindex=\"-1\">\n\t\t\t<div class=\"elementor-post__thumbnail\"><img loading=\"lazy\" decoding=\"async\" width=\"600\" height=\"600\" src=\"https:\/\/anabelmuebles.com\/wp-content\/uploads\/2026\/02\/WhatsApp-Image-2025-12-09-at-8.42.47-PM.jpeg\" class=\"attachment-full size-full wp-image-26152\" alt=\"canap\u00e9 abatible o base tapizada: cu\u00e1l es mejor\" srcset=\"https:\/\/anabelmuebles.com\/wp-content\/uploads\/2026\/02\/WhatsApp-Image-2025-12-09-at-8.42.47-PM.jpeg 600w, https:\/\/anabelmuebles.com\/wp-content\/uploads\/2026\/02\/WhatsApp-Image-2025-12-09-at-8.42.47-PM-300x300.jpeg 300w, https:\/\/anabelmuebles.com\/wp-content\/uploads\/2026\/02\/WhatsApp-Image-2025-12-09-at-8.42.47-PM-150x150.jpeg 150w, https:\/\/anabelmuebles.com\/wp-content\/uploads\/2026\/02\/WhatsApp-Image-2025-12-09-at-8.42.47-PM-100x100.jpeg 100w\" sizes=\"(max-width: 600px) 100vw, 600px\" \/><\/div>\n\t\t<\/a>\n\t\t\t\t<div class=\"elementor-post__text\">\n\t\t\t\t<div class=\"elementor-post__title\">\n\t\t\t<a href=\"https:\/\/anabelmuebles.com\/ca\/canape-abatible-o-base-tapizada-cual-es-mejor\/\">\n\t\t\t\tCanap\u00e9 abatible o base tapizada: cu\u00e1l es mejor\t\t\t<\/a>\n\t\t<\/div>\n\t\t\t\t<div class=\"elementor-post__meta-data\">\n\t\t\t\t\t<span class=\"elementor-post-date\">\n\t\t\t5 de mar\u00e7 de 2026\t\t<\/span>\n\t\t\t\t<\/div>\n\t\t\t\t<\/div>\n\t\t\t\t<\/article>\n\t\t\t\t<\/div>\n\t\t\n\t\t\t\t\t\t<\/div>\n\t\t\t\t<\/div>\n\t\t\t\t<div class=\"elementor-element elementor-element-786b2693 elementor-cta--skin-cover elementor-cta--valign-top elementor-cta--sequenced-animation elementor-animated-content elementor-bg-transform elementor-bg-transform-zoom-in elementor-widget elementor-widget-call-to-action\" data-id=\"786b2693\" data-element_type=\"widget\" data-widget_type=\"call-to-action.default\">\n\t\t\t\t<div class=\"elementor-widget-container\">\n\t\t\t\t\t\t\t<div class=\"elementor-cta\">\n\t\t\t\t\t<div class=\"elementor-cta__bg-wrapper\">\n\t\t\t\t<div class=\"elementor-cta__bg elementor-bg\" style=\"background-image: url(https:\/\/anabelmuebles.com\/wp-content\/uploads\/2024\/09\/mock-up-poster-frame-on-cabinet-in-interior-.jpg);\" role=\"img\" aria-label=\"mock-up-poster-frame-on-cabinet-in-interior-.jpg\"><\/div>\n\t\t\t\t<div class=\"elementor-cta__bg-overlay\"><\/div>\n\t\t\t<\/div>\n\t\t\t\t\t\t\t<div class=\"elementor-cta__content\">\n\t\t\t\t\n\t\t\t\t\t\t\t\t\t<h3 class=\"elementor-cta__title elementor-cta__content-item elementor-content-item elementor-animated-item--shrink\">\n\t\t\t\t\t\tDescubre todas las ofertas que tenemos para ti en Anabel Muebles\t\t\t\t\t<\/h3>\n\t\t\t\t\n\t\t\t\t\t\t\t\t\t<div class=\"elementor-cta__description elementor-cta__content-item elementor-content-item elementor-animated-item--shrink\">\n\t\t\t\t\t\tNuestras mejores ofertas en muebles y mobiliario para el hogar\t\t\t\t\t<\/div>\n\t\t\t\t\n\t\t\t\t\t\t\t\t\t<div class=\"elementor-cta__button-wrapper elementor-cta__content-item elementor-content-item elementor-animated-item--shrink\">\n\t\t\t\t\t<a class=\"elementor-cta__button elementor-button elementor-size-\" href=\"https:\/\/anabelmuebles.com\/productos\/\">\n\t\t\t\t\t\tPromociones\t\t\t\t\t<\/a>\n\t\t\t\t\t<\/div>\n\t\t\t\t\t\t\t<\/div>\n\t\t\t\t\t\t<\/div>\n\t\t\t\t\t\t<\/div>\n\t\t\t\t<\/div>\n\t\t\t\t<div class=\"elementor-element elementor-element-56798fdb elementor-widget elementor-widget-heading\" data-id=\"56798fdb\" data-element_type=\"widget\" data-widget_type=\"heading.default\">\n\t\t\t\t<div class=\"elementor-widget-container\">\n\t\t\t\t\t<div class=\"elementor-heading-title elementor-size-default\">Sof\u00e1s Modernos<\/div>\t\t\t\t<\/div>\n\t\t\t\t<\/div>\n\t\t\t\t<div class=\"elementor-element elementor-element-3ae247cf elementor-grid-1 elementor-grid-tablet-3 elementor-grid-mobile-2 elementor-products-grid elementor-wc-products elementor-widget elementor-widget-woocommerce-products\" data-id=\"3ae247cf\" data-element_type=\"widget\" data-widget_type=\"woocommerce-products.default\">\n\t\t\t\t<div class=\"elementor-widget-container\">\n\t\t\t\t\t<div class=\"woocommerce columns-1 \"><ul class=\"products elementor-grid columns-1\">\n<li class=\"product type-product post-25014 status-publish first instock product_cat-chaise-longue has-post-thumbnail shipping-taxable purchasable product-type-variable\">\n\t<a href=\"https:\/\/anabelmuebles.com\/ca\/tienda-online\/sofas\/chaise-longue\/sofa-chaise-longue-juliette\/\" class=\"woocommerce-LoopProduct-link woocommerce-loop-product__link\"><img loading=\"lazy\" decoding=\"async\" width=\"300\" height=\"300\" src=\"https:\/\/anabelmuebles.com\/wp-content\/uploads\/2025\/12\/CHAISE-JULIETTE-300x300.jpeg\" class=\"attachment-woocommerce_thumbnail size-woocommerce_thumbnail\" alt=\"Sof\u00e1 Chaise Longue Juliette\" srcset=\"https:\/\/anabelmuebles.com\/wp-content\/uploads\/2025\/12\/CHAISE-JULIETTE-300x300.jpeg 300w, https:\/\/anabelmuebles.com\/wp-content\/uploads\/2025\/12\/CHAISE-JULIETTE-150x150.jpeg 150w, https:\/\/anabelmuebles.com\/wp-content\/uploads\/2025\/12\/CHAISE-JULIETTE-100x100.jpeg 100w, https:\/\/anabelmuebles.com\/wp-content\/uploads\/2025\/12\/CHAISE-JULIETTE-50x50.jpeg 50w\" sizes=\"(max-width: 300px) 100vw, 300px\" \/><h2 class=\"woocommerce-loop-product__title\">Sof\u00e1 Chaise Longue Juliette<\/h2>\n\t<span class=\"price\"><span class=\"woocommerce-Price-amount amount\"><bdi>999<span class=\"woocommerce-Price-currencySymbol\">&euro;<\/span><\/bdi><\/span><\/span>\n<\/a><a href=\"https:\/\/anabelmuebles.com\/ca\/tienda-online\/sofas\/chaise-longue\/sofa-chaise-longue-juliette\/\" aria-describedby=\"woocommerce_loop_add_to_cart_link_describedby_25014\" data-quantity=\"1\" class=\"button product_type_variable add_to_cart_button\" data-product_id=\"25014\" data-product_sku=\"\" aria-label=\"Selecciona opcions per a &ldquo;Sof\u00e1 Chaise Longue Juliette&rdquo;\" rel=\"nofollow\">Selecciona opcions<\/a>\t<span id=\"woocommerce_loop_add_to_cart_link_describedby_25014\" class=\"screen-reader-text\">\n\t\tAquest producte t\u00e9 diverses variants. Les opcions es poden triar a la p\u00e0gina del producte\t<\/span>\n\t\t\t<input type=\"hidden\" class=\"pmwProductId\" data-id=\"25014\">\n\t\t\t\t\t<script>\n\t\t\t(window.pmwDataLayer = window.pmwDataLayer || {}).products                = window.pmwDataLayer.products || {};\n\t\t\twindow.pmwDataLayer.products[25014] = {\"id\":\"25014\",\"sku\":\"\",\"price\":999,\"brand\":\"\",\"quantity\":1,\"dyn_r_ids\":{\"post_id\":\"25014\",\"sku\":25014,\"gpf\":\"woocommerce_gpf_25014\",\"gla\":\"gla_25014\"},\"is_variable\":true,\"type\":\"variable\",\"name\":\"Sof\u00e1 Chaise Longue Juliette\",\"category\":[\"Sof\u00e1s chaise longue\"],\"is_variation\":false};\n\t\t\t\t\twindow.pmw_product_position = window.pmw_product_position || 1;\n\t\twindow.pmwDataLayer.products[25014]['position'] = window.pmw_product_position++;\n\t\t\t\t<\/script>\n\t\t<\/li>\n<li class=\"product type-product post-25041 status-publish first instock product_cat-sofa-3-plazas has-post-thumbnail shipping-taxable purchasable product-type-variable\">\n\t<a href=\"https:\/\/anabelmuebles.com\/ca\/tienda-online\/sofas\/sofa-3-plazas\/sofa-lineal-juliette\/\" class=\"woocommerce-LoopProduct-link woocommerce-loop-product__link\"><img loading=\"lazy\" decoding=\"async\" width=\"300\" height=\"300\" src=\"https:\/\/anabelmuebles.com\/wp-content\/uploads\/2025\/12\/LINEAL-250-300x300.jpeg\" class=\"attachment-woocommerce_thumbnail size-woocommerce_thumbnail\" alt=\"Sof\u00e1 Lineal Juliette\" srcset=\"https:\/\/anabelmuebles.com\/wp-content\/uploads\/2025\/12\/LINEAL-250-300x300.jpeg 300w, https:\/\/anabelmuebles.com\/wp-content\/uploads\/2025\/12\/LINEAL-250-150x150.jpeg 150w, https:\/\/anabelmuebles.com\/wp-content\/uploads\/2025\/12\/LINEAL-250-100x100.jpeg 100w, https:\/\/anabelmuebles.com\/wp-content\/uploads\/2025\/12\/LINEAL-250-50x50.jpeg 50w\" sizes=\"(max-width: 300px) 100vw, 300px\" \/><h2 class=\"woocommerce-loop-product__title\">Sof\u00e1 Lineal Juliette<\/h2>\n\t<span class=\"price\"><span class=\"woocommerce-Price-amount amount\"><bdi>899<span class=\"woocommerce-Price-currencySymbol\">&euro;<\/span><\/bdi><\/span><\/span>\n<\/a><a href=\"https:\/\/anabelmuebles.com\/ca\/tienda-online\/sofas\/sofa-3-plazas\/sofa-lineal-juliette\/\" aria-describedby=\"woocommerce_loop_add_to_cart_link_describedby_25041\" data-quantity=\"1\" class=\"button product_type_variable add_to_cart_button\" data-product_id=\"25041\" data-product_sku=\"\" aria-label=\"Selecciona opcions per a &ldquo;Sof\u00e1 Lineal Juliette&rdquo;\" rel=\"nofollow\">Selecciona opcions<\/a>\t<span id=\"woocommerce_loop_add_to_cart_link_describedby_25041\" class=\"screen-reader-text\">\n\t\tAquest producte t\u00e9 diverses variants. Les opcions es poden triar a la p\u00e0gina del producte\t<\/span>\n\t\t\t<input type=\"hidden\" class=\"pmwProductId\" data-id=\"25041\">\n\t\t\t\t\t<script>\n\t\t\t(window.pmwDataLayer = window.pmwDataLayer || {}).products                = window.pmwDataLayer.products || {};\n\t\t\twindow.pmwDataLayer.products[25041] = {\"id\":\"25041\",\"sku\":\"\",\"price\":899,\"brand\":\"\",\"quantity\":1,\"dyn_r_ids\":{\"post_id\":\"25041\",\"sku\":25041,\"gpf\":\"woocommerce_gpf_25041\",\"gla\":\"gla_25041\"},\"is_variable\":true,\"type\":\"variable\",\"name\":\"Sof\u00e1 Lineal Juliette\",\"category\":[\"Sof\u00e1s de 3 plazas\"],\"is_variation\":false};\n\t\t\t\t\twindow.pmw_product_position = window.pmw_product_position || 1;\n\t\twindow.pmwDataLayer.products[25041]['position'] = window.pmw_product_position++;\n\t\t\t\t<\/script>\n\t\t<\/li>\n<\/ul>\n<\/div>\t\t\t\t<\/div>\n\t\t\t\t<\/div>\n\t\t\t\t<div class=\"elementor-element elementor-element-4dda824a elementor-widget elementor-widget-heading\" data-id=\"4dda824a\" data-element_type=\"widget\" data-widget_type=\"heading.default\">\n\t\t\t\t<div class=\"elementor-widget-container\">\n\t\t\t\t\t<h2 class=\"elementor-heading-title elementor-size-default\">Sillas y Mesas Modernas<\/h2>\t\t\t\t<\/div>\n\t\t\t\t<\/div>\n\t\t\t\t<div class=\"elementor-element elementor-element-ea12a53 elementor-grid-1 elementor-grid-tablet-3 elementor-grid-mobile-2 elementor-products-grid elementor-wc-products elementor-widget elementor-widget-woocommerce-products\" data-id=\"ea12a53\" data-element_type=\"widget\" data-widget_type=\"woocommerce-products.default\">\n\t\t\t\t<div class=\"elementor-widget-container\">\n\t\t\t\t\t<div class=\"woocommerce columns-1 \"><ul class=\"products elementor-grid columns-1\">\n<li class=\"product type-product post-21213 status-publish first instock product_cat-mesas-de-comedor has-post-thumbnail shipping-taxable purchasable product-type-variable\">\n\t<a href=\"https:\/\/anabelmuebles.com\/ca\/tienda-online\/sillas-y-mesas\/mesas-de-comedor\/mesa-extensible-madera-maciza-berg\/\" class=\"woocommerce-LoopProduct-link woocommerce-loop-product__link\"><img loading=\"lazy\" decoding=\"async\" width=\"300\" height=\"300\" src=\"https:\/\/anabelmuebles.com\/wp-content\/uploads\/2025\/11\/mesa-comedor-extensible-berg-madera-maciza-roble-patas-metalicas-300x300.webp\" class=\"attachment-woocommerce_thumbnail size-woocommerce_thumbnail\" alt=\"Mesa de comedor redonda extensible Berg, con tablero de madera maciza de roble y patas met\u00e1licas negras, en un elegante comedor moderno con 6-8 personas compartiendo una comida familiar animada.\" srcset=\"https:\/\/anabelmuebles.com\/wp-content\/uploads\/2025\/11\/mesa-comedor-extensible-berg-madera-maciza-roble-patas-metalicas-300x300.webp 300w, https:\/\/anabelmuebles.com\/wp-content\/uploads\/2025\/11\/mesa-comedor-extensible-berg-madera-maciza-roble-patas-metalicas-150x150.webp 150w, https:\/\/anabelmuebles.com\/wp-content\/uploads\/2025\/11\/mesa-comedor-extensible-berg-madera-maciza-roble-patas-metalicas-768x768.webp 768w, https:\/\/anabelmuebles.com\/wp-content\/uploads\/2025\/11\/mesa-comedor-extensible-berg-madera-maciza-roble-patas-metalicas-600x600.webp 600w, https:\/\/anabelmuebles.com\/wp-content\/uploads\/2025\/11\/mesa-comedor-extensible-berg-madera-maciza-roble-patas-metalicas-100x100.webp 100w, https:\/\/anabelmuebles.com\/wp-content\/uploads\/2025\/11\/mesa-comedor-extensible-berg-madera-maciza-roble-patas-metalicas-50x50.webp 50w, https:\/\/anabelmuebles.com\/wp-content\/uploads\/2025\/11\/mesa-comedor-extensible-berg-madera-maciza-roble-patas-metalicas.webp 1024w\" sizes=\"(max-width: 300px) 100vw, 300px\" \/><h2 class=\"woocommerce-loop-product__title\">Mesa de comedor extensible de madera maciza de roble para 4-8 personas Berg de 100-180cm y patas met\u00e1licas<\/h2>\n\t<span class=\"price\"><span class=\"woocommerce-Price-amount amount\"><bdi>544<span class=\"woocommerce-Price-currencySymbol\">&euro;<\/span><\/bdi><\/span><\/span>\n<\/a><a href=\"https:\/\/anabelmuebles.com\/ca\/tienda-online\/sillas-y-mesas\/mesas-de-comedor\/mesa-extensible-madera-maciza-berg\/\" aria-describedby=\"woocommerce_loop_add_to_cart_link_describedby_21213\" data-quantity=\"1\" class=\"button product_type_variable add_to_cart_button\" data-product_id=\"21213\" data-product_sku=\"\" aria-label=\"Selecciona opcions per a &ldquo;Mesa de comedor extensible de madera maciza de roble para 4-8 personas Berg de 100-180cm y patas met\u00e1licas&rdquo;\" rel=\"nofollow\">Selecciona opcions<\/a>\t<span id=\"woocommerce_loop_add_to_cart_link_describedby_21213\" class=\"screen-reader-text\">\n\t\tAquest producte t\u00e9 diverses variants. Les opcions es poden triar a la p\u00e0gina del producte\t<\/span>\n\t\t\t<input type=\"hidden\" class=\"pmwProductId\" data-id=\"21213\">\n\t\t\t\t\t<script>\n\t\t\t(window.pmwDataLayer = window.pmwDataLayer || {}).products                = window.pmwDataLayer.products || {};\n\t\t\twindow.pmwDataLayer.products[21213] = {\"id\":\"21213\",\"sku\":\"\",\"price\":544,\"brand\":\"\",\"quantity\":1,\"dyn_r_ids\":{\"post_id\":\"21213\",\"sku\":21213,\"gpf\":\"woocommerce_gpf_21213\",\"gla\":\"gla_21213\"},\"is_variable\":true,\"type\":\"variable\",\"name\":\"Mesa de comedor extensible de madera maciza de roble para 4-8 personas Berg de 100-180cm y patas met\u00e1licas\",\"category\":[\"Mesas de comedor\"],\"is_variation\":false};\n\t\t\t\t\twindow.pmw_product_position = window.pmw_product_position || 1;\n\t\twindow.pmwDataLayer.products[21213]['position'] = window.pmw_product_position++;\n\t\t\t\t<\/script>\n\t\t<\/li>\n<li class=\"product type-product post-8051 status-publish first instock product_cat-mesas-de-comedor product_tag-mesa-de-madera product_tag-mesa-de-madera-con-patas-de-metal product_tag-mesa-de-madera-extensible product_tag-mesa-de-madera-maciza product_tag-mesa-de-roble product_tag-mesa-madera-maciza-black-friday has-post-thumbnail sale featured shipping-taxable purchasable product-type-variable\">\n\t<a href=\"https:\/\/anabelmuebles.com\/ca\/tienda-online\/sillas-y-mesas\/mesas-de-comedor\/mesa-de-madera-maciza-roble-extensible\/\" class=\"woocommerce-LoopProduct-link woocommerce-loop-product__link\">\n\t<span class=\"onsale\">Oferta!<\/span>\n\t<img loading=\"lazy\" decoding=\"async\" width=\"300\" height=\"300\" src=\"https:\/\/anabelmuebles.com\/wp-content\/uploads\/2025\/11\/mesa-comedor-extensible-roble-madera-maciza-chapa-patas-metalicas-300x300.webp\" class=\"attachment-woocommerce_thumbnail size-woocommerce_thumbnail\" alt=\"Mesa de comedor extensible de madera maciza de roble, con patas met\u00e1licas, desplegada para 10 personas en un comedor moderno y luminoso, perfecta para cenas familiares.\" srcset=\"https:\/\/anabelmuebles.com\/wp-content\/uploads\/2025\/11\/mesa-comedor-extensible-roble-madera-maciza-chapa-patas-metalicas-300x300.webp 300w, https:\/\/anabelmuebles.com\/wp-content\/uploads\/2025\/11\/mesa-comedor-extensible-roble-madera-maciza-chapa-patas-metalicas-1024x1024.webp 1024w, https:\/\/anabelmuebles.com\/wp-content\/uploads\/2025\/11\/mesa-comedor-extensible-roble-madera-maciza-chapa-patas-metalicas-150x150.webp 150w, https:\/\/anabelmuebles.com\/wp-content\/uploads\/2025\/11\/mesa-comedor-extensible-roble-madera-maciza-chapa-patas-metalicas-768x768.webp 768w, https:\/\/anabelmuebles.com\/wp-content\/uploads\/2025\/11\/mesa-comedor-extensible-roble-madera-maciza-chapa-patas-metalicas-600x600.webp 600w, https:\/\/anabelmuebles.com\/wp-content\/uploads\/2025\/11\/mesa-comedor-extensible-roble-madera-maciza-chapa-patas-metalicas-100x100.webp 100w, https:\/\/anabelmuebles.com\/wp-content\/uploads\/2025\/11\/mesa-comedor-extensible-roble-madera-maciza-chapa-patas-metalicas-50x50.webp 50w, https:\/\/anabelmuebles.com\/wp-content\/uploads\/2025\/11\/mesa-comedor-extensible-roble-madera-maciza-chapa-patas-metalicas.webp 1080w\" sizes=\"(max-width: 300px) 100vw, 300px\" \/><h2 class=\"woocommerce-loop-product__title\">Mesa de comedor extensible de madera maciza para 6-10 personas Roble de 140-220cm y patas met\u00e1licas<\/h2>\n\t<span class=\"price\"><span class=\"woocommerce-Price-amount amount\"><bdi>395<span class=\"woocommerce-Price-currencySymbol\">&euro;<\/span><\/bdi><\/span><\/span>\n<\/a><a href=\"https:\/\/anabelmuebles.com\/ca\/tienda-online\/sillas-y-mesas\/mesas-de-comedor\/mesa-de-madera-maciza-roble-extensible\/\" aria-describedby=\"woocommerce_loop_add_to_cart_link_describedby_8051\" data-quantity=\"1\" class=\"button product_type_variable add_to_cart_button\" data-product_id=\"8051\" data-product_sku=\"\" aria-label=\"Selecciona opcions per a &ldquo;Mesa de comedor extensible de madera maciza para 6-10 personas Roble de 140-220cm y patas met\u00e1licas&rdquo;\" rel=\"nofollow\">Selecciona opcions<\/a>\t<span id=\"woocommerce_loop_add_to_cart_link_describedby_8051\" class=\"screen-reader-text\">\n\t\tAquest producte t\u00e9 diverses variants. Les opcions es poden triar a la p\u00e0gina del producte\t<\/span>\n\t\t\t<input type=\"hidden\" class=\"pmwProductId\" data-id=\"8051\">\n\t\t\t\t\t<script>\n\t\t\t(window.pmwDataLayer = window.pmwDataLayer || {}).products                = window.pmwDataLayer.products || {};\n\t\t\twindow.pmwDataLayer.products[8051] = {\"id\":\"8051\",\"sku\":\"\",\"price\":395,\"brand\":\"\",\"quantity\":1,\"dyn_r_ids\":{\"post_id\":\"8051\",\"sku\":8051,\"gpf\":\"woocommerce_gpf_8051\",\"gla\":\"gla_8051\"},\"is_variable\":true,\"type\":\"variable\",\"name\":\"Mesa de comedor extensible de madera maciza para 6-10 personas Roble de 140-220cm y patas met\u00e1licas\",\"category\":[\"Mesas de comedor\"],\"is_variation\":false};\n\t\t\t\t\twindow.pmw_product_position = window.pmw_product_position || 1;\n\t\twindow.pmwDataLayer.products[8051]['position'] = window.pmw_product_position++;\n\t\t\t\t<\/script>\n\t\t<\/li>\n<\/ul>\n<\/div>\t\t\t\t<\/div>\n\t\t\t\t<\/div>\n\t\t\t\t\t<\/div>\n\t\t<\/div>\n\t\t\t\t\t<\/div>\n\t\t<\/section>\n\t\t\t\t<section class=\"elementor-section elementor-top-section elementor-element elementor-element-62116d63 elementor-section-boxed elementor-section-height-default elementor-section-height-default\" data-id=\"62116d63\" data-element_type=\"section\" data-settings=\"{&quot;background_background&quot;:&quot;classic&quot;}\">\n\t\t\t\t\t\t<div class=\"elementor-container elementor-column-gap-default\">\n\t\t\t\t\t<div class=\"elementor-column elementor-col-100 elementor-top-column elementor-element elementor-element-4ba99c7f\" data-id=\"4ba99c7f\" data-element_type=\"column\">\n\t\t\t<div class=\"elementor-widget-wrap elementor-element-populated\">\n\t\t\t\t\t\t<section class=\"elementor-section elementor-inner-section elementor-element elementor-element-53f9cabd elementor-section-boxed elementor-section-height-default elementor-section-height-default\" data-id=\"53f9cabd\" data-element_type=\"section\">\n\t\t\t\t\t\t<div class=\"elementor-container elementor-column-gap-default\">\n\t\t\t\t\t<div class=\"elementor-column elementor-col-100 elementor-inner-column elementor-element elementor-element-6bf9b6a4\" data-id=\"6bf9b6a4\" data-element_type=\"column\">\n\t\t\t<div class=\"elementor-widget-wrap elementor-element-populated\">\n\t\t\t\t\t\t<div class=\"elementor-element elementor-element-141c2d78 elementor-widget elementor-widget-heading\" data-id=\"141c2d78\" data-element_type=\"widget\" data-widget_type=\"heading.default\">\n\t\t\t\t<div class=\"elementor-widget-container\">\n\t\t\t\t\t<div class=\"elementor-heading-title elementor-size-default\">Anabel Muebles<\/div>\t\t\t\t<\/div>\n\t\t\t\t<\/div>\n\t\t\t\t<div class=\"elementor-element elementor-element-61c8f084 elementor-widget elementor-widget-heading\" data-id=\"61c8f084\" data-element_type=\"widget\" data-widget_type=\"heading.default\">\n\t\t\t\t<div class=\"elementor-widget-container\">\n\t\t\t\t\t<h2 class=\"elementor-heading-title elementor-size-default\">Articulos relacionados<\/h2>\t\t\t\t<\/div>\n\t\t\t\t<\/div>\n\t\t\t\t\t<\/div>\n\t\t<\/div>\n\t\t\t\t\t<\/div>\n\t\t<\/section>\n\t\t\t\t<div class=\"elementor-element elementor-element-2795c2cb elementor-grid-3 elementor-grid-tablet-2 elementor-grid-mobile-1 elementor-widget elementor-widget-loop-grid\" data-id=\"2795c2cb\" data-element_type=\"widget\" data-settings=\"{&quot;template_id&quot;:&quot;14115&quot;,&quot;_skin&quot;:&quot;post&quot;,&quot;columns&quot;:&quot;3&quot;,&quot;columns_tablet&quot;:&quot;2&quot;,&quot;columns_mobile&quot;:&quot;1&quot;,&quot;edit_handle_selector&quot;:&quot;[data-elementor-type=\\&quot;loop-item\\&quot;]&quot;,&quot;row_gap&quot;:{&quot;unit&quot;:&quot;px&quot;,&quot;size&quot;:&quot;&quot;,&quot;sizes&quot;:[]},&quot;row_gap_tablet&quot;:{&quot;unit&quot;:&quot;px&quot;,&quot;size&quot;:&quot;&quot;,&quot;sizes&quot;:[]},&quot;row_gap_mobile&quot;:{&quot;unit&quot;:&quot;px&quot;,&quot;size&quot;:&quot;&quot;,&quot;sizes&quot;:[]}}\" data-widget_type=\"loop-grid.post\">\n\t\t\t\t<div class=\"elementor-widget-container\">\n\t\t\t\t\t\t\t<div class=\"elementor-loop-container elementor-grid\" role=\"list\">\n\t\t<style id=\"loop-14115\">.elementor-14115 .elementor-element.elementor-element-19be34b{--display:flex;--border-radius:5px 5px 5px 5px;--padding-top:5px;--padding-bottom:5px;--padding-left:5px;--padding-right:5px;}.elementor-14115 .elementor-element.elementor-element-19be34b:not(.elementor-motion-effects-element-type-background), .elementor-14115 .elementor-element.elementor-element-19be34b > .elementor-motion-effects-container > .elementor-motion-effects-layer{background-color:var( --e-global-color-kadence7 );}.elementor-14115 .elementor-element.elementor-element-d60d6d6 > .elementor-widget-container{padding:10px 10px 10px 10px;}.elementor-14115 .elementor-element.elementor-element-aa8b555 > .elementor-widget-container{padding:7px 7px 7px 7px;}.elementor-14115 .elementor-element.elementor-element-aa8b555{text-align:left;}.elementor-14115 .elementor-element.elementor-element-aa8b555 .elementor-heading-title{font-size:20px;color:var( --e-global-color-kadence3 );}.elementor-14115 .elementor-element.elementor-element-b771046 > .elementor-widget-container{padding:10px 10px 10px 10px;}.elementor-14115 .elementor-element.elementor-element-b771046 .elementor-icon-list-icon{width:14px;}.elementor-14115 .elementor-element.elementor-element-b771046 .elementor-icon-list-icon i{font-size:14px;}.elementor-14115 .elementor-element.elementor-element-b771046 .elementor-icon-list-icon svg{--e-icon-list-icon-size:14px;}.elementor-14115 .elementor-element.elementor-element-b771046 .elementor-icon-list-item{text-transform:capitalize;}<\/style>\t\t<div data-elementor-type=\"loop-item\" data-elementor-id=\"14115\" class=\"elementor elementor-14115 e-loop-item e-loop-item-26748 post-26748 post type-post status-publish format-standard has-post-thumbnail hentry category-noticias-destacadas\" data-elementor-post-type=\"elementor_library\" data-custom-edit-handle=\"1\">\n\t\t\t<div class=\"elementor-element elementor-element-19be34b e-flex e-con-boxed e-con e-parent\" data-id=\"19be34b\" data-element_type=\"container\" data-settings=\"{&quot;background_background&quot;:&quot;classic&quot;}\">\n\t\t\t\t\t<div class=\"e-con-inner\">\n\t\t\t\t<div class=\"elementor-element elementor-element-d60d6d6 elementor-widget elementor-widget-theme-post-featured-image elementor-widget-image\" data-id=\"d60d6d6\" data-element_type=\"widget\" data-widget_type=\"theme-post-featured-image.default\">\n\t\t\t\t<div class=\"elementor-widget-container\">\n\t\t\t\t\t\t\t\t\t\t\t\t\t\t\t<img decoding=\"async\" src=\"https:\/\/anabelmuebles.com\/wp-content\/uploads\/elementor\/thumbs\/ChatGPT-Image-27-abr-2026-04_00_43-p.m-rmozkc10b92bmys61n70kcr7fwemdlf7b80mcxnd0s.png\" title=\"Tendencias en muebles 2026: estilos, colores y materiales\" alt=\"Tendencias en muebles 2026 para el hogar con estilo c\u00e1lido, materiales naturales y decoraci\u00f3n actual\" loading=\"lazy\" \/>\t\t\t\t\t\t\t\t\t\t\t\t\t\t\t<\/div>\n\t\t\t\t<\/div>\n\t\t\t\t<div class=\"elementor-element elementor-element-aa8b555 elementor-widget elementor-widget-theme-post-title elementor-page-title elementor-widget-heading\" data-id=\"aa8b555\" data-element_type=\"widget\" data-widget_type=\"theme-post-title.default\">\n\t\t\t\t<div class=\"elementor-widget-container\">\n\t\t\t\t\t<h3 class=\"elementor-heading-title elementor-size-default\"><a href=\"https:\/\/anabelmuebles.com\/ca\/tendencias-en-muebles-2026\/\">Tendencias en muebles 2026: estilos, colores y materiales que dominar\u00e1n tu hogar<\/a><\/h3>\t\t\t\t<\/div>\n\t\t\t\t<\/div>\n\t\t\t\t<div class=\"elementor-element elementor-element-b771046 elementor-widget elementor-widget-post-info\" data-id=\"b771046\" data-element_type=\"widget\" data-widget_type=\"post-info.default\">\n\t\t\t\t<div class=\"elementor-widget-container\">\n\t\t\t\t\t\t\t<ul class=\"elementor-inline-items elementor-icon-list-items elementor-post-info\">\n\t\t\t\t\t\t\t\t<li class=\"elementor-icon-list-item elementor-repeater-item-49fb89f elementor-inline-item\" itemprop=\"datePublished\">\n\t\t\t\t\t\t\t\t\t\t<span class=\"elementor-icon-list-icon\">\n\t\t\t\t\t\t\t\t<svg aria-hidden=\"true\" class=\"e-font-icon-svg e-fas-calendar\" viewBox=\"0 0 448 512\" xmlns=\"http:\/\/www.w3.org\/2000\/svg\"><path d=\"M12 192h424c6.6 0 12 5.4 12 12v260c0 26.5-21.5 48-48 48H48c-26.5 0-48-21.5-48-48V204c0-6.6 5.4-12 12-12zm436-44v-36c0-26.5-21.5-48-48-48h-48V12c0-6.6-5.4-12-12-12h-40c-6.6 0-12 5.4-12 12v52H160V12c0-6.6-5.4-12-12-12h-40c-6.6 0-12 5.4-12 12v52H48C21.5 64 0 85.5 0 112v36c0 6.6 5.4 12 12 12h424c6.6 0 12-5.4 12-12z\"><\/path><\/svg>\t\t\t\t\t\t\t<\/span>\n\t\t\t\t\t\t\t\t\t<span class=\"elementor-icon-list-text elementor-post-info__item elementor-post-info__item--type-date\">\n\t\t\t\t\t\t\t\t\t\t<time>abril 28, 2026<\/time>\t\t\t\t\t<\/span>\n\t\t\t\t\t\t\t\t<\/li>\n\t\t\t\t<\/ul>\n\t\t\t\t\t\t<\/div>\n\t\t\t\t<\/div>\n\t\t\t\t\t<\/div>\n\t\t\t\t<\/div>\n\t\t\t\t<\/div>\n\t\t\t\t<div data-elementor-type=\"loop-item\" data-elementor-id=\"14115\" class=\"elementor elementor-14115 e-loop-item e-loop-item-26629 post-26629 post type-post status-publish format-standard has-post-thumbnail hentry category-noticias-destacadas\" data-elementor-post-type=\"elementor_library\" data-custom-edit-handle=\"1\">\n\t\t\t<div class=\"elementor-element elementor-element-19be34b e-flex e-con-boxed e-con e-parent\" data-id=\"19be34b\" data-element_type=\"container\" data-settings=\"{&quot;background_background&quot;:&quot;classic&quot;}\">\n\t\t\t\t\t<div class=\"e-con-inner\">\n\t\t\t\t<div class=\"elementor-element elementor-element-d60d6d6 elementor-widget elementor-widget-theme-post-featured-image elementor-widget-image\" data-id=\"d60d6d6\" data-element_type=\"widget\" data-widget_type=\"theme-post-featured-image.default\">\n\t\t\t\t<div class=\"elementor-widget-container\">\n\t\t\t\t\t\t\t\t\t\t\t\t\t\t\t<img decoding=\"async\" src=\"https:\/\/anabelmuebles.com\/wp-content\/uploads\/elementor\/thumbs\/Colchon-Premium-Birmingham-Titan-Ambiente-rmcrbtuy2fnmppmb6jh3563dtho2aqygoeoa8mdup8.webp\" title=\"Colch\u00f3n Premium Birmingham Titan Ambiente\" alt=\"Colch\u00f3n Premium Birmingham Titan en Ambiente minimalista de habitaci\u00f3n de lujo\" loading=\"lazy\" \/>\t\t\t\t\t\t\t\t\t\t\t\t\t\t\t<\/div>\n\t\t\t\t<\/div>\n\t\t\t\t<div class=\"elementor-element elementor-element-aa8b555 elementor-widget elementor-widget-theme-post-title elementor-page-title elementor-widget-heading\" data-id=\"aa8b555\" data-element_type=\"widget\" data-widget_type=\"theme-post-title.default\">\n\t\t\t\t<div class=\"elementor-widget-container\">\n\t\t\t\t\t<h3 class=\"elementor-heading-title elementor-size-default\"><a href=\"https:\/\/anabelmuebles.com\/ca\/como-elegir-colchon-premium-guia\/\">C\u00f3mo elegir un colch\u00f3n premium: gu\u00eda definitiva seg\u00fan tu peso, postura y necesidades<\/a><\/h3>\t\t\t\t<\/div>\n\t\t\t\t<\/div>\n\t\t\t\t<div class=\"elementor-element elementor-element-b771046 elementor-widget elementor-widget-post-info\" data-id=\"b771046\" data-element_type=\"widget\" data-widget_type=\"post-info.default\">\n\t\t\t\t<div class=\"elementor-widget-container\">\n\t\t\t\t\t\t\t<ul class=\"elementor-inline-items elementor-icon-list-items elementor-post-info\">\n\t\t\t\t\t\t\t\t<li class=\"elementor-icon-list-item elementor-repeater-item-49fb89f elementor-inline-item\" itemprop=\"datePublished\">\n\t\t\t\t\t\t\t\t\t\t<span class=\"elementor-icon-list-icon\">\n\t\t\t\t\t\t\t\t<svg aria-hidden=\"true\" class=\"e-font-icon-svg e-fas-calendar\" viewBox=\"0 0 448 512\" xmlns=\"http:\/\/www.w3.org\/2000\/svg\"><path d=\"M12 192h424c6.6 0 12 5.4 12 12v260c0 26.5-21.5 48-48 48H48c-26.5 0-48-21.5-48-48V204c0-6.6 5.4-12 12-12zm436-44v-36c0-26.5-21.5-48-48-48h-48V12c0-6.6-5.4-12-12-12h-40c-6.6 0-12 5.4-12 12v52H160V12c0-6.6-5.4-12-12-12h-40c-6.6 0-12 5.4-12 12v52H48C21.5 64 0 85.5 0 112v36c0 6.6 5.4 12 12 12h424c6.6 0 12-5.4 12-12z\"><\/path><\/svg>\t\t\t\t\t\t\t<\/span>\n\t\t\t\t\t\t\t\t\t<span class=\"elementor-icon-list-text elementor-post-info__item elementor-post-info__item--type-date\">\n\t\t\t\t\t\t\t\t\t\t<time>abril 23, 2026<\/time>\t\t\t\t\t<\/span>\n\t\t\t\t\t\t\t\t<\/li>\n\t\t\t\t<\/ul>\n\t\t\t\t\t\t<\/div>\n\t\t\t\t<\/div>\n\t\t\t\t\t<\/div>\n\t\t\t\t<\/div>\n\t\t\t\t<\/div>\n\t\t\t\t<div data-elementor-type=\"loop-item\" data-elementor-id=\"14115\" class=\"elementor elementor-14115 e-loop-item e-loop-item-26494 post-26494 post type-post status-publish format-standard has-post-thumbnail hentry category-noticias-destacadas\" data-elementor-post-type=\"elementor_library\" data-custom-edit-handle=\"1\">\n\t\t\t<div class=\"elementor-element elementor-element-19be34b e-flex e-con-boxed e-con e-parent\" data-id=\"19be34b\" data-element_type=\"container\" data-settings=\"{&quot;background_background&quot;:&quot;classic&quot;}\">\n\t\t\t\t\t<div class=\"e-con-inner\">\n\t\t\t\t<div class=\"elementor-element elementor-element-d60d6d6 elementor-widget elementor-widget-theme-post-featured-image elementor-widget-image\" data-id=\"d60d6d6\" data-element_type=\"widget\" data-widget_type=\"theme-post-featured-image.default\">\n\t\t\t\t<div class=\"elementor-widget-container\">\n\t\t\t\t\t\t\t\t\t\t\t\t\t\t\t<img decoding=\"async\" src=\"https:\/\/anabelmuebles.com\/wp-content\/uploads\/elementor\/thumbs\/Comprar-muebles-online-1-rm43djcg728e9e8u76obu3eaeicjo1h5bmf4x1nfe4.webp\" title=\"Comprar muebles online gu\u00eda 2026\" alt=\"Persona que decidi\u00f3 comprar muebles online sin preocupaciones para recibir sus compras en casa\" loading=\"lazy\" \/>\t\t\t\t\t\t\t\t\t\t\t\t\t\t\t<\/div>\n\t\t\t\t<\/div>\n\t\t\t\t<div class=\"elementor-element elementor-element-aa8b555 elementor-widget elementor-widget-theme-post-title elementor-page-title elementor-widget-heading\" data-id=\"aa8b555\" data-element_type=\"widget\" data-widget_type=\"theme-post-title.default\">\n\t\t\t\t<div class=\"elementor-widget-container\">\n\t\t\t\t\t<h3 class=\"elementor-heading-title elementor-size-default\"><a href=\"https:\/\/anabelmuebles.com\/ca\/como-comprar-muebles-online-guia\/\">C\u00f3mo comprar muebles online sin equivocarte: gu\u00eda completa para elegir calidad y evitar errores<\/a><\/h3>\t\t\t\t<\/div>\n\t\t\t\t<\/div>\n\t\t\t\t<div class=\"elementor-element elementor-element-b771046 elementor-widget elementor-widget-post-info\" data-id=\"b771046\" data-element_type=\"widget\" data-widget_type=\"post-info.default\">\n\t\t\t\t<div class=\"elementor-widget-container\">\n\t\t\t\t\t\t\t<ul class=\"elementor-inline-items elementor-icon-list-items elementor-post-info\">\n\t\t\t\t\t\t\t\t<li class=\"elementor-icon-list-item elementor-repeater-item-49fb89f elementor-inline-item\" itemprop=\"datePublished\">\n\t\t\t\t\t\t\t\t\t\t<span class=\"elementor-icon-list-icon\">\n\t\t\t\t\t\t\t\t<svg aria-hidden=\"true\" class=\"e-font-icon-svg e-fas-calendar\" viewBox=\"0 0 448 512\" xmlns=\"http:\/\/www.w3.org\/2000\/svg\"><path d=\"M12 192h424c6.6 0 12 5.4 12 12v260c0 26.5-21.5 48-48 48H48c-26.5 0-48-21.5-48-48V204c0-6.6 5.4-12 12-12zm436-44v-36c0-26.5-21.5-48-48-48h-48V12c0-6.6-5.4-12-12-12h-40c-6.6 0-12 5.4-12 12v52H160V12c0-6.6-5.4-12-12-12h-40c-6.6 0-12 5.4-12 12v52H48C21.5 64 0 85.5 0 112v36c0 6.6 5.4 12 12 12h424c6.6 0 12-5.4 12-12z\"><\/path><\/svg>\t\t\t\t\t\t\t<\/span>\n\t\t\t\t\t\t\t\t\t<span class=\"elementor-icon-list-text elementor-post-info__item elementor-post-info__item--type-date\">\n\t\t\t\t\t\t\t\t\t\t<time>abril 16, 2026<\/time>\t\t\t\t\t<\/span>\n\t\t\t\t\t\t\t\t<\/li>\n\t\t\t\t<\/ul>\n\t\t\t\t\t\t<\/div>\n\t\t\t\t<\/div>\n\t\t\t\t\t<\/div>\n\t\t\t\t<\/div>\n\t\t\t\t<\/div>\n\t\t\t\t<\/div>\n\t\t\n\t\t\t\t\t\t<\/div>\n\t\t\t\t<\/div>\n\t\t\t\t\t<\/div>\n\t\t<\/div>\n\t\t\t\t\t<\/div>\n\t\t<\/section>\n\t\t\t\t<\/div>\n\t\t","protected":false},"excerpt":{"rendered":"<p>Tabla de contenidos Cada a\u00f1o trae nuevas ideas para renovar la casa, pero en 2026 la tendencia no pasa por seguir modas fr\u00edas o cambiarlo<\/p>","protected":false},"author":15,"featured_media":26864,"comment_status":"open","ping_status":"open","sticky":false,"template":"elementor_header_footer","format":"standard","meta":{"_acf_changed":false,"footnotes":""},"categories":[1],"tags":[],"class_list":["post-26748","post","type-post","status-publish","format-standard","has-post-thumbnail","hentry","category-noticias-destacadas"],"acf":[],"_links":{"self":[{"href":"https:\/\/anabelmuebles.com\/ca\/wp-json\/wp\/v2\/posts\/26748","targetHints":{"allow":["GET"]}}],"collection":[{"href":"https:\/\/anabelmuebles.com\/ca\/wp-json\/wp\/v2\/posts"}],"about":[{"href":"https:\/\/anabelmuebles.com\/ca\/wp-json\/wp\/v2\/types\/post"}],"author":[{"embeddable":true,"href":"https:\/\/anabelmuebles.com\/ca\/wp-json\/wp\/v2\/users\/15"}],"replies":[{"embeddable":true,"href":"https:\/\/anabelmuebles.com\/ca\/wp-json\/wp\/v2\/comments?post=26748"}],"version-history":[{"count":99,"href":"https:\/\/anabelmuebles.com\/ca\/wp-json\/wp\/v2\/posts\/26748\/revisions"}],"predecessor-version":[{"id":26876,"href":"https:\/\/anabelmuebles.com\/ca\/wp-json\/wp\/v2\/posts\/26748\/revisions\/26876"}],"wp:featuredmedia":[{"embeddable":true,"href":"https:\/\/anabelmuebles.com\/ca\/wp-json\/wp\/v2\/media\/26864"}],"wp:attachment":[{"href":"https:\/\/anabelmuebles.com\/ca\/wp-json\/wp\/v2\/media?parent=26748"}],"wp:term":[{"taxonomy":"category","embeddable":true,"href":"https:\/\/anabelmuebles.com\/ca\/wp-json\/wp\/v2\/categories?post=26748"},{"taxonomy":"post_tag","embeddable":true,"href":"https:\/\/anabelmuebles.com\/ca\/wp-json\/wp\/v2\/tags?post=26748"}],"curies":[{"name":"wp","href":"https:\/\/api.w.org\/{rel}","templated":true}]}}